{"id":1635,"date":"2013-03-14T17:13:33","date_gmt":"2013-03-14T17:13:33","guid":{"rendered":"http:\/\/www.garciasabate.com\/?p=1635"},"modified":"2013-03-14T17:13:33","modified_gmt":"2013-03-14T17:13:33","slug":"muebles-garcia-sabate-en-fiera-de-milan","status":"publish","type":"post","link":"https:\/\/www.garciasabate.com\/en\/muebles-garcia-sabate-en-fiera-de-milan\/","title":{"rendered":"Muebles Garcia Sabat\u00e9, en la Feria de Milan"},"content":{"rendered":"<p><a href=\"http:\/\/www.garciasabate.com\/en\/muebles-garcia-sabate-en-fiera-de-milan\/foto-fiera-2\/\" rel=\"attachment wp-att-1637\"><img loading=\"lazy\" decoding=\"async\" class=\"aligncenter size-medium wp-image-1637\" src=\"http:\/\/www.garciasabate.com\/wp-content\/uploads\/2013\/03\/foto-fiera1-402x306.jpg\" alt=\"Novedades en Feria Milan\" width=\"402\" height=\"306\" \/><\/a><a href=\"http:\/\/www.garciasabate.com\/en\/comedores\/\" target=\"_blank\" rel=\"noopener\">Garcia Sabat\u00e9<\/a> continua apostando por el <strong>dise\u00f1o <\/strong>y la calidad , fiel \u00a0desde m\u00e1s de 70 a\u00f1os a su filosof\u00eda. Fundada en 1946, en La S\u00e8nia (Tarragona), donde llevamos\u00a0 el proceso productivo completo de nuestras colecciones, combinando\u00a0 dise\u00f1o, tecnolog\u00eda y experiencia.<\/p>\n<p>Con la inquietud de seguir creciendo y ampliando nuestros clientes \u00a0en el exterior hemos decidido ir al l<a title=\"novedades\" href=\"http:\/\/www.cosmit.it\/tool\/home.php?s=0,2,67,71,75\" target=\"_blank\" rel=\"noopener\">a Feria\u00a0 de Milano<\/a><a title=\"fiera\" href=\"http:\/\/www.cosmit.it\/tool\/home.php?s=0,2,67,71,75\">.<\/a><\/p>\n<p>Esperamos complacer\u00a0 a todos los clientes profesionales al igual que el p\u00fablico en general . Ven a vernos y conocer\u00e1s todas nuestras novedades en dise\u00f1os.<\/p>\n<p>&nbsp;<\/p>\n<p>&nbsp;<\/p>","protected":false},"excerpt":{"rendered":"<p>Garcia Sabat\u00e9 continua apostando por el dise\u00f1o y la calidad , fiel \u00a0desde m\u00e1s de 70 a\u00f1os a su filosof\u00eda.<\/p>","protected":false},"author":1,"featured_media":3667,"comment_status":"open","ping_status":"open","sticky":false,"template":"","format":"standard","meta":{"footnotes":""},"categories":[102],"tags":[141,106],"class_list":["post-1635","post","type-post","status-publish","format-standard","has-post-thumbnail","hentry","category-noticias","tag-diseno","tag-garcia-sabate"],"yoast_head":"<!-- This site is optimized with the Yoast SEO plugin v23.4 - https:\/\/yoast.com\/wordpress\/plugins\/seo\/ -->\n<title>Muebles Garcia Sabat\u00e9, en la Feria de Milan - Garcia Sabat\u00e9<\/title>\n<meta name=\"description\" content=\"Garcia Sabat\u00e9 continua apostando por el dise\u00f1o y la calidad , fiel desde mas de 60 a\u00f1os a su filosof\u00eda. Fundada en 1946, en La Senia (Tarragona)\" \/>\n<meta name=\"robots\" content=\"index, follow, max-snippet:-1, max-image-preview:large, max-video-preview:-1\" \/>\n<link rel=\"canonical\" href=\"https:\/\/www.garciasabate.com\/en\/muebles-garcia-sabate-en-fiera-de-milan\/\" \/>\n<meta property=\"og:locale\" content=\"en_GB\" \/>\n<meta property=\"og:type\" content=\"article\" \/>\n<meta property=\"og:title\" content=\"Muebles Garcia Sabat\u00e9, en la Feria de Milan - Garcia Sabat\u00e9\" \/>\n<meta property=\"og:description\" content=\"Garcia Sabat\u00e9 continua apostando por el dise\u00f1o y la calidad , fiel desde mas de 60 a\u00f1os a su filosof\u00eda. Fundada en 1946, en La Senia (Tarragona)\" \/>\n<meta property=\"og:url\" content=\"https:\/\/www.garciasabate.com\/en\/muebles-garcia-sabate-en-fiera-de-milan\/\" \/>\n<meta property=\"og:site_name\" content=\"Garcia Sabat\u00e9\" \/>\n<meta property=\"article:published_time\" content=\"2013-03-14T17:13:33+00:00\" \/>\n<meta property=\"og:image\" content=\"https:\/\/www.garciasabate.com\/wp-content\/uploads\/2013\/03\/foto-fiera-1.jpg\" \/>\n\t<meta property=\"og:image:width\" content=\"462\" \/>\n\t<meta property=\"og:image:height\" content=\"351\" \/>\n\t<meta property=\"og:image:type\" content=\"image\/jpeg\" \/>\n<meta name=\"author\" content=\"Okisam\" \/>\n<meta name=\"twitter:card\" content=\"summary_large_image\" \/>\n<meta name=\"twitter:label1\" content=\"Written by\" \/>\n\t<meta name=\"twitter:data1\" content=\"Okisam\" \/>\n<script type=\"application\/ld+json\" class=\"yoast-schema-graph\">{\"@context\":\"https:\/\/schema.org\",\"@graph\":[{\"@type\":\"WebPage\",\"@id\":\"https:\/\/www.garciasabate.com\/muebles-garcia-sabate-en-fiera-de-milan\/\",\"url\":\"https:\/\/www.garciasabate.com\/muebles-garcia-sabate-en-fiera-de-milan\/\",\"name\":\"Muebles Garcia Sabat\u00e9, en la Feria de Milan - Garcia Sabat\u00e9\",\"isPartOf\":{\"@id\":\"https:\/\/www.garciasabate.com\/#website\"},\"primaryImageOfPage\":{\"@id\":\"https:\/\/www.garciasabate.com\/muebles-garcia-sabate-en-fiera-de-milan\/#primaryimage\"},\"image\":{\"@id\":\"https:\/\/www.garciasabate.com\/muebles-garcia-sabate-en-fiera-de-milan\/#primaryimage\"},\"thumbnailUrl\":\"https:\/\/www.garciasabate.com\/wp-content\/uploads\/2013\/03\/foto-fiera-1.jpg\",\"datePublished\":\"2013-03-14T17:13:33+00:00\",\"dateModified\":\"2013-03-14T17:13:33+00:00\",\"author\":{\"@id\":\"https:\/\/www.garciasabate.com\/#\/schema\/person\/ab7ed35e499acd98d64a47cc6bc963ec\"},\"description\":\"Garcia Sabat\u00e9 continua apostando por el dise\u00f1o y la calidad , fiel desde mas de 60 a\u00f1os a su filosof\u00eda. Fundada en 1946, en La Senia (Tarragona)\",\"breadcrumb\":{\"@id\":\"https:\/\/www.garciasabate.com\/muebles-garcia-sabate-en-fiera-de-milan\/#breadcrumb\"},\"inLanguage\":\"en-GB\",\"potentialAction\":[{\"@type\":\"ReadAction\",\"target\":[\"https:\/\/www.garciasabate.com\/muebles-garcia-sabate-en-fiera-de-milan\/\"]}]},{\"@type\":\"ImageObject\",\"inLanguage\":\"en-GB\",\"@id\":\"https:\/\/www.garciasabate.com\/muebles-garcia-sabate-en-fiera-de-milan\/#primaryimage\",\"url\":\"https:\/\/www.garciasabate.com\/wp-content\/uploads\/2013\/03\/foto-fiera-1.jpg\",\"contentUrl\":\"https:\/\/www.garciasabate.com\/wp-content\/uploads\/2013\/03\/foto-fiera-1.jpg\",\"width\":462,\"height\":351,\"caption\":\"feria milan\"},{\"@type\":\"BreadcrumbList\",\"@id\":\"https:\/\/www.garciasabate.com\/muebles-garcia-sabate-en-fiera-de-milan\/#breadcrumb\",\"itemListElement\":[{\"@type\":\"ListItem\",\"position\":1,\"name\":\"Portada\",\"item\":\"https:\/\/www.garciasabate.com\/\"},{\"@type\":\"ListItem\",\"position\":2,\"name\":\"Muebles Garcia Sabat\u00e9, en la Feria de Milan\"}]},{\"@type\":\"WebSite\",\"@id\":\"https:\/\/www.garciasabate.com\/#website\",\"url\":\"https:\/\/www.garciasabate.com\/\",\"name\":\"Garcia Sabat\u00e9\",\"description\":\"Muebles Modernos\",\"potentialAction\":[{\"@type\":\"SearchAction\",\"target\":{\"@type\":\"EntryPoint\",\"urlTemplate\":\"https:\/\/www.garciasabate.com\/?s={search_term_string}\"},\"query-input\":{\"@type\":\"PropertyValueSpecification\",\"valueRequired\":true,\"valueName\":\"search_term_string\"}}],\"inLanguage\":\"en-GB\"},{\"@type\":\"Person\",\"@id\":\"https:\/\/www.garciasabate.com\/#\/schema\/person\/ab7ed35e499acd98d64a47cc6bc963ec\",\"name\":\"Okisam\",\"image\":{\"@type\":\"ImageObject\",\"inLanguage\":\"en-GB\",\"@id\":\"https:\/\/www.garciasabate.com\/#\/schema\/person\/image\/\",\"url\":\"https:\/\/secure.gravatar.com\/avatar\/14e4ca291c3ad3ed5d90a305e404b3464e3af94d692344b481a2453b08e0c7c4?s=96&d=mm&r=g\",\"contentUrl\":\"https:\/\/secure.gravatar.com\/avatar\/14e4ca291c3ad3ed5d90a305e404b3464e3af94d692344b481a2453b08e0c7c4?s=96&d=mm&r=g\",\"caption\":\"Okisam\"},\"sameAs\":[\"https:\/\/www.garciasabate.com\"],\"url\":\"https:\/\/www.garciasabate.com\/en\/author\/okisam\/\"}]}<\/script>\n<!-- \/ Yoast SEO plugin. -->","yoast_head_json":{"title":"Muebles Garcia Sabat\u00e9, en la Feria de Milan - Garcia Sabat\u00e9","description":"Garcia Sabat\u00e9 continua apostando por el dise\u00f1o y la calidad , fiel desde mas de 60 a\u00f1os a su filosof\u00eda. Fundada en 1946, en La Senia (Tarragona)","robots":{"index":"index","follow":"follow","max-snippet":"max-snippet:-1","max-image-preview":"max-image-preview:large","max-video-preview":"max-video-preview:-1"},"canonical":"https:\/\/www.garciasabate.com\/en\/muebles-garcia-sabate-en-fiera-de-milan\/","og_locale":"en_GB","og_type":"article","og_title":"Muebles Garcia Sabat\u00e9, en la Feria de Milan - Garcia Sabat\u00e9","og_description":"Garcia Sabat\u00e9 continua apostando por el dise\u00f1o y la calidad , fiel desde mas de 60 a\u00f1os a su filosof\u00eda. Fundada en 1946, en La Senia (Tarragona)","og_url":"https:\/\/www.garciasabate.com\/en\/muebles-garcia-sabate-en-fiera-de-milan\/","og_site_name":"Garcia Sabat\u00e9","article_published_time":"2013-03-14T17:13:33+00:00","og_image":[{"width":462,"height":351,"url":"https:\/\/www.garciasabate.com\/wp-content\/uploads\/2013\/03\/foto-fiera-1.jpg","type":"image\/jpeg"}],"author":"Okisam","twitter_card":"summary_large_image","twitter_misc":{"Written by":"Okisam"},"schema":{"@context":"https:\/\/schema.org","@graph":[{"@type":"WebPage","@id":"https:\/\/www.garciasabate.com\/muebles-garcia-sabate-en-fiera-de-milan\/","url":"https:\/\/www.garciasabate.com\/muebles-garcia-sabate-en-fiera-de-milan\/","name":"Muebles Garcia Sabat\u00e9, en la Feria de Milan - Garcia Sabat\u00e9","isPartOf":{"@id":"https:\/\/www.garciasabate.com\/#website"},"primaryImageOfPage":{"@id":"https:\/\/www.garciasabate.com\/muebles-garcia-sabate-en-fiera-de-milan\/#primaryimage"},"image":{"@id":"https:\/\/www.garciasabate.com\/muebles-garcia-sabate-en-fiera-de-milan\/#primaryimage"},"thumbnailUrl":"https:\/\/www.garciasabate.com\/wp-content\/uploads\/2013\/03\/foto-fiera-1.jpg","datePublished":"2013-03-14T17:13:33+00:00","dateModified":"2013-03-14T17:13:33+00:00","author":{"@id":"https:\/\/www.garciasabate.com\/#\/schema\/person\/ab7ed35e499acd98d64a47cc6bc963ec"},"description":"Garcia Sabat\u00e9 continua apostando por el dise\u00f1o y la calidad , fiel desde mas de 60 a\u00f1os a su filosof\u00eda. Fundada en 1946, en La Senia (Tarragona)","breadcrumb":{"@id":"https:\/\/www.garciasabate.com\/muebles-garcia-sabate-en-fiera-de-milan\/#breadcrumb"},"inLanguage":"en-GB","potentialAction":[{"@type":"ReadAction","target":["https:\/\/www.garciasabate.com\/muebles-garcia-sabate-en-fiera-de-milan\/"]}]},{"@type":"ImageObject","inLanguage":"en-GB","@id":"https:\/\/www.garciasabate.com\/muebles-garcia-sabate-en-fiera-de-milan\/#primaryimage","url":"https:\/\/www.garciasabate.com\/wp-content\/uploads\/2013\/03\/foto-fiera-1.jpg","contentUrl":"https:\/\/www.garciasabate.com\/wp-content\/uploads\/2013\/03\/foto-fiera-1.jpg","width":462,"height":351,"caption":"feria milan"},{"@type":"BreadcrumbList","@id":"https:\/\/www.garciasabate.com\/muebles-garcia-sabate-en-fiera-de-milan\/#breadcrumb","itemListElement":[{"@type":"ListItem","position":1,"name":"Portada","item":"https:\/\/www.garciasabate.com\/"},{"@type":"ListItem","position":2,"name":"Muebles Garcia Sabat\u00e9, en la Feria de Milan"}]},{"@type":"WebSite","@id":"https:\/\/www.garciasabate.com\/#website","url":"https:\/\/www.garciasabate.com\/","name":"Garcia Sabat\u00e9","description":"Muebles Modernos","potentialAction":[{"@type":"SearchAction","target":{"@type":"EntryPoint","urlTemplate":"https:\/\/www.garciasabate.com\/?s={search_term_string}"},"query-input":{"@type":"PropertyValueSpecification","valueRequired":true,"valueName":"search_term_string"}}],"inLanguage":"en-GB"},{"@type":"Person","@id":"https:\/\/www.garciasabate.com\/#\/schema\/person\/ab7ed35e499acd98d64a47cc6bc963ec","name":"Okisam","image":{"@type":"ImageObject","inLanguage":"en-GB","@id":"https:\/\/www.garciasabate.com\/#\/schema\/person\/image\/","url":"https:\/\/secure.gravatar.com\/avatar\/14e4ca291c3ad3ed5d90a305e404b3464e3af94d692344b481a2453b08e0c7c4?s=96&d=mm&r=g","contentUrl":"https:\/\/secure.gravatar.com\/avatar\/14e4ca291c3ad3ed5d90a305e404b3464e3af94d692344b481a2453b08e0c7c4?s=96&d=mm&r=g","caption":"Okisam"},"sameAs":["https:\/\/www.garciasabate.com"],"url":"https:\/\/www.garciasabate.com\/en\/author\/okisam\/"}]}},"_links":{"self":[{"href":"https:\/\/www.garciasabate.com\/en\/wp-json\/wp\/v2\/posts\/1635","targetHints":{"allow":["GET"]}}],"collection":[{"href":"https:\/\/www.garciasabate.com\/en\/wp-json\/wp\/v2\/posts"}],"about":[{"href":"https:\/\/www.garciasabate.com\/en\/wp-json\/wp\/v2\/types\/post"}],"author":[{"embeddable":true,"href":"https:\/\/www.garciasabate.com\/en\/wp-json\/wp\/v2\/users\/1"}],"replies":[{"embeddable":true,"href":"https:\/\/www.garciasabate.com\/en\/wp-json\/wp\/v2\/comments?post=1635"}],"version-history":[{"count":0,"href":"https:\/\/www.garciasabate.com\/en\/wp-json\/wp\/v2\/posts\/1635\/revisions"}],"wp:featuredmedia":[{"embeddable":true,"href":"https:\/\/www.garciasabate.com\/en\/wp-json\/wp\/v2\/media\/3667"}],"wp:attachment":[{"href":"https:\/\/www.garciasabate.com\/en\/wp-json\/wp\/v2\/media?parent=1635"}],"wp:term":[{"taxonomy":"category","embeddable":true,"href":"https:\/\/www.garciasabate.com\/en\/wp-json\/wp\/v2\/categories?post=1635"},{"taxonomy":"post_tag","embeddable":true,"href":"https:\/\/www.garciasabate.com\/en\/wp-json\/wp\/v2\/tags?post=1635"}],"curies":[{"name":"wp","href":"https:\/\/api.w.org\/{rel}","templated":true}]}}