{"id":2570,"date":"2015-04-12T09:22:35","date_gmt":"2015-04-12T08:22:35","guid":{"rendered":"http:\/\/www.garciasabate.com\/?p=2570"},"modified":"2015-04-12T09:22:35","modified_gmt":"2015-04-12T08:22:35","slug":"garcia-sabate-en-la-feria-del-mueble-de-milan","status":"publish","type":"post","link":"https:\/\/www.garciasabate.com\/en\/garcia-sabate-en-la-feria-del-mueble-de-milan\/","title":{"rendered":"Garc\u00eda Sabat\u00e9 en la feria del mueble de Mil\u00e1n"},"content":{"rendered":"<p>&nbsp;<\/p>\n<p>The <strong>Feria del Mueble de Mil\u00e1n<\/strong> es uno de los eventos m\u00e1s importantes a nivel mundial relacionado con las m\u00e1s recientes novedades e innovaciones en el sector de muebles e inmobiliario. Es tambi\u00e9n una excelente oportunidad para las empresas y especialistas en el sector para mostrar sus \u00faltimas creaciones y las tendencias actuales en cuanto a muebles. Como ya se hiciera en una edici\u00f3n anterior, este a\u00f1o <strong>Muebles Garc\u00eda Sabat\u00e9<\/strong> tambi\u00e9n tendr\u00e1 presencia en la Feria del Mueble de Mil\u00e1n, igualmente presentando una buena cantidad de novedades, espec\u00edficamente en cuanto a los <strong>programas de dormitorio LIFE.<\/strong><!--more--><\/p>\n<p><a href=\"https:\/\/www.garciasabate.com\/wp-content\/uploads\/2016\/11\/Dormitorio-FREEDOM-L233-Coleccion-LIFE.jpg\"><img loading=\"lazy\" decoding=\"async\" class=\"alignnone size-full wp-image-3140\" src=\"https:\/\/www.garciasabate.com\/wp-content\/uploads\/2016\/11\/Dormitorio-FREEDOM-L233-Coleccion-LIFE.jpg\" alt=\"dormitorio-freedom-l233-coleccion-life\" width=\"1024\" height=\"683\" srcset=\"https:\/\/www.garciasabate.com\/wp-content\/uploads\/2016\/11\/Dormitorio-FREEDOM-L233-Coleccion-LIFE.jpg 1024w, https:\/\/www.garciasabate.com\/wp-content\/uploads\/2016\/11\/Dormitorio-FREEDOM-L233-Coleccion-LIFE-150x100.jpg 150w, https:\/\/www.garciasabate.com\/wp-content\/uploads\/2016\/11\/Dormitorio-FREEDOM-L233-Coleccion-LIFE-800x534.jpg 800w, https:\/\/www.garciasabate.com\/wp-content\/uploads\/2016\/11\/Dormitorio-FREEDOM-L233-Coleccion-LIFE-1000x667.jpg 1000w, https:\/\/www.garciasabate.com\/wp-content\/uploads\/2016\/11\/Dormitorio-FREEDOM-L233-Coleccion-LIFE-768x512.jpg 768w\" sizes=\"auto, (max-width: 1024px) 100vw, 1024px\" \/><\/a><\/p>\n<p>Por supuesto que esta es una ocasi\u00f3n de gran relevancia para la compa\u00f1\u00eda, por lo que todos los asistentes tendr\u00e1n la oportunidad de conocer sus principales <strong>innovaciones de\u00a0<\/strong><strong>\u00a0Muebles Garc\u00eda Sabat\u00e9<\/strong>. Es importante mencionar que estos muebles que ser\u00e1n presentados en la Feria del Mueble en Mil\u00e1n se destacan por ser un tipo de mobiliario adaptable a las nuevas tendencias tanto para <strong>bajos de TV, mesas de centro, estanter\u00edas, sillas y sillones, as\u00ed como comedores y buffet<\/strong>.<\/p>\n<p>Ya se est\u00e1n acondicionando las instalaciones del recinto ferial de esta hermosa ciudad italiana para que todos los exponentes puedan mostrar sus productos y sus m\u00e1s recientes creaciones. Sobra decir que este es uno de los m\u00e1s importantes eventos en Europa dentro de la<strong> industria del mueble y accesorios para mobiliario<\/strong>, donde todo mundo puede conocer y tener la referencia m\u00e1s precisa de las \u00faltimas tendencias en dise\u00f1o y formas, adem\u00e1s de las audaces propuestas que nunca faltan.<\/p>\n<p>Es por supuesto un evento ideal para disfrutar con toda la familia, conocer cu\u00e1les son las novedades en cuanto a los muebles que se pueden comprar para adornar y decorar el hogar. Los visitantes van a poder disfrutar de una gran variedad de dise\u00f1os y estilos, con muebles fabricados de diferentes materiales y por las m\u00e1s grandes y reconocidas empresas l\u00edderes en la fabricaci\u00f3n y distribuci\u00f3n de <strong>muebles de calidad<\/strong> como el caso de Garc\u00eda Sabat\u00e9 que como ya indic\u00e1bamos, ser\u00e1 uno de los grandes exponentes en esta feria.<img loading=\"lazy\" decoding=\"async\" class=\"aligncenter wp-image-2571 size-full\" title=\"Feria del Mueble de Mil\u00e1n \" src=\"http:\/\/www.garciasabate.com\/wp-content\/uploads\/2015\/04\/feria-mueble-milan-2015.jpg\" alt=\"Feria del Mueble de Mil\u00e1n \" width=\"910\" height=\"392\" \/><\/p>\n<p>Solo para tener una referencia m\u00e1s precisa de la importancia de la<strong> Feria del Mueble de Mil\u00e1n,<\/strong> la edici\u00f3n anterior marc\u00f3 un precedente al lograr reunir a 2.450 empresas reconocidas en la industria del mueble en un \u00e1rea de 230.000 metros cuadrados. En distintos pabellones que fueron construidos para las exposiciones de muebles y mobiliario, se logr\u00f3 mostrar las nuevas propuestas y tendencias en cuanto al <a title=\"Coleccion Deco\" href=\"http:\/\/www.garciasabate.com\/en\/portfolio-category\/coleccion-deco\/\">dise\u00f1o de los muebles<\/a>, lo cual en su conjunto hizo de este evento todo un \u00e9xito.<\/p>\n<p>Para esta nueva edici\u00f3n de la <a title=\"Feria del mueble milan 2015\" href=\"http:\/\/salonemilano.it\/it-it\/ESPOSITORI\/Salone-internazionale-del-mobile-\" target=\"_blank\" rel=\"noopener\">Feria del Mueble de Mil\u00e1n <\/a>2015 tambi\u00e9n se espera una asistencia similar y por supuesto que tambi\u00e9n se espera que sea un \u00e9xito no solo en cuanto a las empresas que asistir\u00e1n, sino en cuanto a las innovaciones de los muebles.<\/p>\n<p>&nbsp;<\/p>","protected":false},"excerpt":{"rendered":"<p>&nbsp; La Feria del Mueble de Mil\u00e1n es uno de los eventos m\u00e1s importantes a nivel mundial relacionado con las<\/p>","protected":false},"author":1,"featured_media":3348,"comment_status":"open","ping_status":"open","sticky":false,"template":"","format":"standard","meta":{"footnotes":""},"categories":[131,102],"tags":[163,164,165,166],"class_list":["post-2570","post","type-post","status-publish","format-standard","has-post-thumbnail","hentry","category-blog","category-noticias","tag-feria-del-mueble-de-milan","tag-muebles-de-comedor-xl","tag-programas-de-dormitorio-la-siesta","tag-programas-de-dormitorio-life"],"yoast_head":"<!-- This site is optimized with the Yoast SEO plugin v23.4 - https:\/\/yoast.com\/wordpress\/plugins\/seo\/ -->\n<title>Garc\u00eda Sabat\u00e9 en la feria del mueble de Mil\u00e1n - Garcia Sabat\u00e9<\/title>\n<meta name=\"description\" content=\"La Feria del Mueble de Mil\u00e1n es uno de los eventos m\u00e1s importantes a nivel mundial relacionado con las novedades e innovaciones en el sector del mueble\" \/>\n<meta name=\"robots\" content=\"index, follow, max-snippet:-1, max-image-preview:large, max-video-preview:-1\" \/>\n<link rel=\"canonical\" href=\"https:\/\/www.garciasabate.com\/en\/garcia-sabate-en-la-feria-del-mueble-de-milan\/\" \/>\n<meta property=\"og:locale\" content=\"en_GB\" \/>\n<meta property=\"og:type\" content=\"article\" \/>\n<meta property=\"og:title\" content=\"Garc\u00eda Sabat\u00e9 en la feria del mueble de Mil\u00e1n - Garcia Sabat\u00e9\" \/>\n<meta property=\"og:description\" content=\"La Feria del Mueble de Mil\u00e1n es uno de los eventos m\u00e1s importantes a nivel mundial relacionado con las novedades e innovaciones en el sector del mueble\" \/>\n<meta property=\"og:url\" content=\"https:\/\/www.garciasabate.com\/en\/garcia-sabate-en-la-feria-del-mueble-de-milan\/\" \/>\n<meta property=\"og:site_name\" content=\"Garcia Sabat\u00e9\" \/>\n<meta property=\"article:published_time\" content=\"2015-04-12T08:22:35+00:00\" \/>\n<meta property=\"og:image\" content=\"https:\/\/www.garciasabate.com\/wp-content\/uploads\/2016\/11\/DETALLE-DORMITORIO-MODERNO-INFINITY-L219-COLECCION-LIFE-0.jpg\" \/>\n\t<meta property=\"og:image:width\" content=\"800\" \/>\n\t<meta property=\"og:image:height\" content=\"800\" \/>\n\t<meta property=\"og:image:type\" content=\"image\/jpeg\" \/>\n<meta name=\"author\" content=\"Okisam\" \/>\n<meta name=\"twitter:card\" content=\"summary_large_image\" \/>\n<meta name=\"twitter:label1\" content=\"Written by\" \/>\n\t<meta name=\"twitter:data1\" content=\"Okisam\" \/>\n\t<meta name=\"twitter:label2\" content=\"Estimated reading time\" \/>\n\t<meta name=\"twitter:data2\" content=\"3 minutes\" \/>\n<script type=\"application\/ld+json\" class=\"yoast-schema-graph\">{\"@context\":\"https:\/\/schema.org\",\"@graph\":[{\"@type\":\"WebPage\",\"@id\":\"https:\/\/www.garciasabate.com\/garcia-sabate-en-la-feria-del-mueble-de-milan\/\",\"url\":\"https:\/\/www.garciasabate.com\/garcia-sabate-en-la-feria-del-mueble-de-milan\/\",\"name\":\"Garc\u00eda Sabat\u00e9 en la feria del mueble de Mil\u00e1n - Garcia Sabat\u00e9\",\"isPartOf\":{\"@id\":\"https:\/\/www.garciasabate.com\/#website\"},\"primaryImageOfPage\":{\"@id\":\"https:\/\/www.garciasabate.com\/garcia-sabate-en-la-feria-del-mueble-de-milan\/#primaryimage\"},\"image\":{\"@id\":\"https:\/\/www.garciasabate.com\/garcia-sabate-en-la-feria-del-mueble-de-milan\/#primaryimage\"},\"thumbnailUrl\":\"https:\/\/www.garciasabate.com\/wp-content\/uploads\/2016\/11\/DETALLE-DORMITORIO-MODERNO-INFINITY-L219-COLECCION-LIFE-0.jpg\",\"datePublished\":\"2015-04-12T08:22:35+00:00\",\"dateModified\":\"2015-04-12T08:22:35+00:00\",\"author\":{\"@id\":\"https:\/\/www.garciasabate.com\/#\/schema\/person\/ab7ed35e499acd98d64a47cc6bc963ec\"},\"description\":\"La Feria del Mueble de Mil\u00e1n es uno de los eventos m\u00e1s importantes a nivel mundial relacionado con las novedades e innovaciones en el sector del mueble\",\"breadcrumb\":{\"@id\":\"https:\/\/www.garciasabate.com\/garcia-sabate-en-la-feria-del-mueble-de-milan\/#breadcrumb\"},\"inLanguage\":\"en-GB\",\"potentialAction\":[{\"@type\":\"ReadAction\",\"target\":[\"https:\/\/www.garciasabate.com\/garcia-sabate-en-la-feria-del-mueble-de-milan\/\"]}]},{\"@type\":\"ImageObject\",\"inLanguage\":\"en-GB\",\"@id\":\"https:\/\/www.garciasabate.com\/garcia-sabate-en-la-feria-del-mueble-de-milan\/#primaryimage\",\"url\":\"https:\/\/www.garciasabate.com\/wp-content\/uploads\/2016\/11\/DETALLE-DORMITORIO-MODERNO-INFINITY-L219-COLECCION-LIFE-0.jpg\",\"contentUrl\":\"https:\/\/www.garciasabate.com\/wp-content\/uploads\/2016\/11\/DETALLE-DORMITORIO-MODERNO-INFINITY-L219-COLECCION-LIFE-0.jpg\",\"width\":800,\"height\":800},{\"@type\":\"BreadcrumbList\",\"@id\":\"https:\/\/www.garciasabate.com\/garcia-sabate-en-la-feria-del-mueble-de-milan\/#breadcrumb\",\"itemListElement\":[{\"@type\":\"ListItem\",\"position\":1,\"name\":\"Portada\",\"item\":\"https:\/\/www.garciasabate.com\/\"},{\"@type\":\"ListItem\",\"position\":2,\"name\":\"Garc\u00eda Sabat\u00e9 en la feria del mueble de Mil\u00e1n\"}]},{\"@type\":\"WebSite\",\"@id\":\"https:\/\/www.garciasabate.com\/#website\",\"url\":\"https:\/\/www.garciasabate.com\/\",\"name\":\"Garcia Sabat\u00e9\",\"description\":\"Muebles Modernos\",\"potentialAction\":[{\"@type\":\"SearchAction\",\"target\":{\"@type\":\"EntryPoint\",\"urlTemplate\":\"https:\/\/www.garciasabate.com\/?s={search_term_string}\"},\"query-input\":{\"@type\":\"PropertyValueSpecification\",\"valueRequired\":true,\"valueName\":\"search_term_string\"}}],\"inLanguage\":\"en-GB\"},{\"@type\":\"Person\",\"@id\":\"https:\/\/www.garciasabate.com\/#\/schema\/person\/ab7ed35e499acd98d64a47cc6bc963ec\",\"name\":\"Okisam\",\"image\":{\"@type\":\"ImageObject\",\"inLanguage\":\"en-GB\",\"@id\":\"https:\/\/www.garciasabate.com\/#\/schema\/person\/image\/\",\"url\":\"https:\/\/secure.gravatar.com\/avatar\/14e4ca291c3ad3ed5d90a305e404b3464e3af94d692344b481a2453b08e0c7c4?s=96&d=mm&r=g\",\"contentUrl\":\"https:\/\/secure.gravatar.com\/avatar\/14e4ca291c3ad3ed5d90a305e404b3464e3af94d692344b481a2453b08e0c7c4?s=96&d=mm&r=g\",\"caption\":\"Okisam\"},\"sameAs\":[\"https:\/\/www.garciasabate.com\"],\"url\":\"https:\/\/www.garciasabate.com\/en\/author\/okisam\/\"}]}<\/script>\n<!-- \/ Yoast SEO plugin. -->","yoast_head_json":{"title":"Garc\u00eda Sabat\u00e9 en la feria del mueble de Mil\u00e1n - Garcia Sabat\u00e9","description":"La Feria del Mueble de Mil\u00e1n es uno de los eventos m\u00e1s importantes a nivel mundial relacionado con las novedades e innovaciones en el sector del mueble","robots":{"index":"index","follow":"follow","max-snippet":"max-snippet:-1","max-image-preview":"max-image-preview:large","max-video-preview":"max-video-preview:-1"},"canonical":"https:\/\/www.garciasabate.com\/en\/garcia-sabate-en-la-feria-del-mueble-de-milan\/","og_locale":"en_GB","og_type":"article","og_title":"Garc\u00eda Sabat\u00e9 en la feria del mueble de Mil\u00e1n - Garcia Sabat\u00e9","og_description":"La Feria del Mueble de Mil\u00e1n es uno de los eventos m\u00e1s importantes a nivel mundial relacionado con las novedades e innovaciones en el sector del mueble","og_url":"https:\/\/www.garciasabate.com\/en\/garcia-sabate-en-la-feria-del-mueble-de-milan\/","og_site_name":"Garcia Sabat\u00e9","article_published_time":"2015-04-12T08:22:35+00:00","og_image":[{"width":800,"height":800,"url":"https:\/\/www.garciasabate.com\/wp-content\/uploads\/2016\/11\/DETALLE-DORMITORIO-MODERNO-INFINITY-L219-COLECCION-LIFE-0.jpg","type":"image\/jpeg"}],"author":"Okisam","twitter_card":"summary_large_image","twitter_misc":{"Written by":"Okisam","Estimated reading time":"3 minutes"},"schema":{"@context":"https:\/\/schema.org","@graph":[{"@type":"WebPage","@id":"https:\/\/www.garciasabate.com\/garcia-sabate-en-la-feria-del-mueble-de-milan\/","url":"https:\/\/www.garciasabate.com\/garcia-sabate-en-la-feria-del-mueble-de-milan\/","name":"Garc\u00eda Sabat\u00e9 en la feria del mueble de Mil\u00e1n - Garcia Sabat\u00e9","isPartOf":{"@id":"https:\/\/www.garciasabate.com\/#website"},"primaryImageOfPage":{"@id":"https:\/\/www.garciasabate.com\/garcia-sabate-en-la-feria-del-mueble-de-milan\/#primaryimage"},"image":{"@id":"https:\/\/www.garciasabate.com\/garcia-sabate-en-la-feria-del-mueble-de-milan\/#primaryimage"},"thumbnailUrl":"https:\/\/www.garciasabate.com\/wp-content\/uploads\/2016\/11\/DETALLE-DORMITORIO-MODERNO-INFINITY-L219-COLECCION-LIFE-0.jpg","datePublished":"2015-04-12T08:22:35+00:00","dateModified":"2015-04-12T08:22:35+00:00","author":{"@id":"https:\/\/www.garciasabate.com\/#\/schema\/person\/ab7ed35e499acd98d64a47cc6bc963ec"},"description":"La Feria del Mueble de Mil\u00e1n es uno de los eventos m\u00e1s importantes a nivel mundial relacionado con las novedades e innovaciones en el sector del mueble","breadcrumb":{"@id":"https:\/\/www.garciasabate.com\/garcia-sabate-en-la-feria-del-mueble-de-milan\/#breadcrumb"},"inLanguage":"en-GB","potentialAction":[{"@type":"ReadAction","target":["https:\/\/www.garciasabate.com\/garcia-sabate-en-la-feria-del-mueble-de-milan\/"]}]},{"@type":"ImageObject","inLanguage":"en-GB","@id":"https:\/\/www.garciasabate.com\/garcia-sabate-en-la-feria-del-mueble-de-milan\/#primaryimage","url":"https:\/\/www.garciasabate.com\/wp-content\/uploads\/2016\/11\/DETALLE-DORMITORIO-MODERNO-INFINITY-L219-COLECCION-LIFE-0.jpg","contentUrl":"https:\/\/www.garciasabate.com\/wp-content\/uploads\/2016\/11\/DETALLE-DORMITORIO-MODERNO-INFINITY-L219-COLECCION-LIFE-0.jpg","width":800,"height":800},{"@type":"BreadcrumbList","@id":"https:\/\/www.garciasabate.com\/garcia-sabate-en-la-feria-del-mueble-de-milan\/#breadcrumb","itemListElement":[{"@type":"ListItem","position":1,"name":"Portada","item":"https:\/\/www.garciasabate.com\/"},{"@type":"ListItem","position":2,"name":"Garc\u00eda Sabat\u00e9 en la feria del mueble de Mil\u00e1n"}]},{"@type":"WebSite","@id":"https:\/\/www.garciasabate.com\/#website","url":"https:\/\/www.garciasabate.com\/","name":"Garcia Sabat\u00e9","description":"Muebles Modernos","potentialAction":[{"@type":"SearchAction","target":{"@type":"EntryPoint","urlTemplate":"https:\/\/www.garciasabate.com\/?s={search_term_string}"},"query-input":{"@type":"PropertyValueSpecification","valueRequired":true,"valueName":"search_term_string"}}],"inLanguage":"en-GB"},{"@type":"Person","@id":"https:\/\/www.garciasabate.com\/#\/schema\/person\/ab7ed35e499acd98d64a47cc6bc963ec","name":"Okisam","image":{"@type":"ImageObject","inLanguage":"en-GB","@id":"https:\/\/www.garciasabate.com\/#\/schema\/person\/image\/","url":"https:\/\/secure.gravatar.com\/avatar\/14e4ca291c3ad3ed5d90a305e404b3464e3af94d692344b481a2453b08e0c7c4?s=96&d=mm&r=g","contentUrl":"https:\/\/secure.gravatar.com\/avatar\/14e4ca291c3ad3ed5d90a305e404b3464e3af94d692344b481a2453b08e0c7c4?s=96&d=mm&r=g","caption":"Okisam"},"sameAs":["https:\/\/www.garciasabate.com"],"url":"https:\/\/www.garciasabate.com\/en\/author\/okisam\/"}]}},"_links":{"self":[{"href":"https:\/\/www.garciasabate.com\/en\/wp-json\/wp\/v2\/posts\/2570","targetHints":{"allow":["GET"]}}],"collection":[{"href":"https:\/\/www.garciasabate.com\/en\/wp-json\/wp\/v2\/posts"}],"about":[{"href":"https:\/\/www.garciasabate.com\/en\/wp-json\/wp\/v2\/types\/post"}],"author":[{"embeddable":true,"href":"https:\/\/www.garciasabate.com\/en\/wp-json\/wp\/v2\/users\/1"}],"replies":[{"embeddable":true,"href":"https:\/\/www.garciasabate.com\/en\/wp-json\/wp\/v2\/comments?post=2570"}],"version-history":[{"count":0,"href":"https:\/\/www.garciasabate.com\/en\/wp-json\/wp\/v2\/posts\/2570\/revisions"}],"wp:featuredmedia":[{"embeddable":true,"href":"https:\/\/www.garciasabate.com\/en\/wp-json\/wp\/v2\/media\/3348"}],"wp:attachment":[{"href":"https:\/\/www.garciasabate.com\/en\/wp-json\/wp\/v2\/media?parent=2570"}],"wp:term":[{"taxonomy":"category","embeddable":true,"href":"https:\/\/www.garciasabate.com\/en\/wp-json\/wp\/v2\/categories?post=2570"},{"taxonomy":"post_tag","embeddable":true,"href":"https:\/\/www.garciasabate.com\/en\/wp-json\/wp\/v2\/tags?post=2570"}],"curies":[{"name":"wp","href":"https:\/\/api.w.org\/{rel}","templated":true}]}}