{"id":2956,"date":"2015-01-14T08:28:51","date_gmt":"2015-01-14T08:28:51","guid":{"rendered":"http:\/\/www.garciasabate.com\/?p=2956"},"modified":"2015-01-14T08:28:51","modified_gmt":"2015-01-14T08:28:51","slug":"garcia-sabate-presente-en-la-feria-del-mueble-de-zaragoza-2016","status":"publish","type":"post","link":"https:\/\/www.garciasabate.com\/en\/garcia-sabate-presente-en-la-feria-del-mueble-de-zaragoza-2016\/","title":{"rendered":"Garc\u00eda Sabate presente en la Feria del Mueble de Zaragoza 2016"},"content":{"rendered":"<p>Este a\u00f1o en la Feria de Zaragoza se organiza la <strong>5<sup>a<\/sup> Feria del Mueble 2016<\/strong> que comienza a partir del pr\u00f3ximo 20 de enero y se prolonga hasta el 23 de enero. Se trata de uno de los eventos m\u00e1s importantes dentro del <strong>Sector del Mueble en Espa\u00f1a<\/strong>, por lo que solamente las mejores marcas y los mejores fabricantes y vendedores de muebles estar\u00e1n presentes.<!--more--><\/p>\n<p>Por supuesto, <strong>Muebles Garcia Sabat\u00e9<\/strong> ya tiene su lugar reservado y ya nos encontramos listos para presentar nuestras nuevas colecciones de <strong>muebles de comedor, adem\u00e1s de un nuevo programa de armarios y nuevos dormitorios<\/strong>.<\/p>\n<p>The <strong>Stand de Garcia Sabat\u00e9 en la Feria de Zaragoza 2016 se encuentra en el pabell\u00f3n 6 Stand calle G-H N\u00b011-12<\/strong>. En este lugar podr\u00e1s conocer todas las novedades con respecto a nuestros muebles de primera calidad, no \u00fanicamente el mueble comedor, armarios y dormitorios, tambi\u00e9n contamos con una extensa gama de muebles para diferentes aras en el hogar. Nuestra empresa siempre se ha distinguido por ofrecer una excelente relaci\u00f3n entre calidad-precio y ahora no ser\u00e1 la excepci\u00f3n.<\/p>\n<p><img loading=\"lazy\" decoding=\"async\" class=\"aligncenter size-full wp-image-2957\" src=\"http:\/\/www.garciasabate.com\/wp-content\/uploads\/2016\/01\/Feria-mueble-zaragoza-2016.jpg\" alt=\"5a Feria del Mueble 2016\" width=\"400\" height=\"536\" \/><\/p>\n<p>Es importante mencionar que en esta<strong> Feria del Mueble en la Feria de Zaragoza<\/strong>, los exhibidores son exclusivamente profesionales dentro del sector, empresas que cuentan con una amplia experiencia y que adem\u00e1s tienen una excelente reputaci\u00f3n. Este tipo de eventos es fundamental para empresas como <strong>Muebles Garcia Sabat\u00e9<\/strong> ya que nos proporciona un v\u00ednculo con el punto de venta de tal manera que podemos mostrar nuestras novedades y las tendencias actuales en muebles, todo ello a trav\u00e9s de un trato directo, amable y profesional.<\/p>\n<p>Incluso si no est\u00e1s necesitando un mueble en la actualidad, te recomendamos altamente que visites el<strong> Stand de Garc\u00eda Sabat\u00e9 en la Feria del Mueble de Zaragoza 2016<\/strong> ya que te sorprender\u00e1s con toda la amplia gama de muebles que tenemos disponibles para todos los gustos y todas las necesidades.<\/p>","protected":false},"excerpt":{"rendered":"<p>Este a\u00f1o en la Feria de Zaragoza se organiza la 5a Feria del Mueble 2016 que comienza a partir del<\/p>","protected":false},"author":1,"featured_media":3670,"comment_status":"open","ping_status":"open","sticky":false,"template":"","format":"standard","meta":{"footnotes":""},"categories":[111],"tags":[170],"class_list":["post-2956","post","type-post","status-publish","format-standard","has-post-thumbnail","hentry","category-fabricante-muebles","tag-5a-feria-del-mueble-2016"],"yoast_head":"<!-- This site is optimized with the Yoast SEO plugin v23.4 - https:\/\/yoast.com\/wordpress\/plugins\/seo\/ -->\n<title>Garc\u00eda Sabate presente en la Feria del Mueble de Zaragoza 2016 - Garcia Sabat\u00e9<\/title>\n<meta name=\"description\" content=\"Muebles Garcia Sabat\u00e9 ya tiene su lugar reservado y ya nos encontramos listos para presentar nuestras nuevas colecciones de muebles de comedor\" \/>\n<meta name=\"robots\" content=\"index, follow, max-snippet:-1, max-image-preview:large, max-video-preview:-1\" \/>\n<link rel=\"canonical\" href=\"https:\/\/www.garciasabate.com\/en\/garcia-sabate-presente-en-la-feria-del-mueble-de-zaragoza-2016\/\" \/>\n<meta property=\"og:locale\" content=\"en_GB\" \/>\n<meta property=\"og:type\" content=\"article\" \/>\n<meta property=\"og:title\" content=\"Garc\u00eda Sabate presente en la Feria del Mueble de Zaragoza 2016 - Garcia Sabat\u00e9\" \/>\n<meta property=\"og:description\" content=\"Muebles Garcia Sabat\u00e9 ya tiene su lugar reservado y ya nos encontramos listos para presentar nuestras nuevas colecciones de muebles de comedor\" \/>\n<meta property=\"og:url\" content=\"https:\/\/www.garciasabate.com\/en\/garcia-sabate-presente-en-la-feria-del-mueble-de-zaragoza-2016\/\" \/>\n<meta property=\"og:site_name\" content=\"Garcia Sabat\u00e9\" \/>\n<meta property=\"article:published_time\" content=\"2015-01-14T08:28:51+00:00\" \/>\n<meta property=\"og:image\" content=\"https:\/\/www.garciasabate.com\/wp-content\/uploads\/2015\/01\/Feria-mueble-zaragoza-2016.jpg\" \/>\n\t<meta property=\"og:image:width\" content=\"400\" \/>\n\t<meta property=\"og:image:height\" content=\"536\" \/>\n\t<meta property=\"og:image:type\" content=\"image\/jpeg\" \/>\n<meta name=\"author\" content=\"Okisam\" \/>\n<meta name=\"twitter:card\" content=\"summary_large_image\" \/>\n<meta name=\"twitter:label1\" content=\"Written by\" \/>\n\t<meta name=\"twitter:data1\" content=\"Okisam\" \/>\n\t<meta name=\"twitter:label2\" content=\"Estimated reading time\" \/>\n\t<meta name=\"twitter:data2\" content=\"2 minutes\" \/>\n<script type=\"application\/ld+json\" class=\"yoast-schema-graph\">{\"@context\":\"https:\/\/schema.org\",\"@graph\":[{\"@type\":\"WebPage\",\"@id\":\"https:\/\/www.garciasabate.com\/garcia-sabate-presente-en-la-feria-del-mueble-de-zaragoza-2016\/\",\"url\":\"https:\/\/www.garciasabate.com\/garcia-sabate-presente-en-la-feria-del-mueble-de-zaragoza-2016\/\",\"name\":\"Garc\u00eda Sabate presente en la Feria del Mueble de Zaragoza 2016 - Garcia Sabat\u00e9\",\"isPartOf\":{\"@id\":\"https:\/\/www.garciasabate.com\/#website\"},\"primaryImageOfPage\":{\"@id\":\"https:\/\/www.garciasabate.com\/garcia-sabate-presente-en-la-feria-del-mueble-de-zaragoza-2016\/#primaryimage\"},\"image\":{\"@id\":\"https:\/\/www.garciasabate.com\/garcia-sabate-presente-en-la-feria-del-mueble-de-zaragoza-2016\/#primaryimage\"},\"thumbnailUrl\":\"https:\/\/www.garciasabate.com\/wp-content\/uploads\/2015\/01\/Feria-mueble-zaragoza-2016.jpg\",\"datePublished\":\"2015-01-14T08:28:51+00:00\",\"dateModified\":\"2015-01-14T08:28:51+00:00\",\"author\":{\"@id\":\"https:\/\/www.garciasabate.com\/#\/schema\/person\/ab7ed35e499acd98d64a47cc6bc963ec\"},\"description\":\"Muebles Garcia Sabat\u00e9 ya tiene su lugar reservado y ya nos encontramos listos para presentar nuestras nuevas colecciones de muebles de comedor\",\"breadcrumb\":{\"@id\":\"https:\/\/www.garciasabate.com\/garcia-sabate-presente-en-la-feria-del-mueble-de-zaragoza-2016\/#breadcrumb\"},\"inLanguage\":\"en-GB\",\"potentialAction\":[{\"@type\":\"ReadAction\",\"target\":[\"https:\/\/www.garciasabate.com\/garcia-sabate-presente-en-la-feria-del-mueble-de-zaragoza-2016\/\"]}]},{\"@type\":\"ImageObject\",\"inLanguage\":\"en-GB\",\"@id\":\"https:\/\/www.garciasabate.com\/garcia-sabate-presente-en-la-feria-del-mueble-de-zaragoza-2016\/#primaryimage\",\"url\":\"https:\/\/www.garciasabate.com\/wp-content\/uploads\/2015\/01\/Feria-mueble-zaragoza-2016.jpg\",\"contentUrl\":\"https:\/\/www.garciasabate.com\/wp-content\/uploads\/2015\/01\/Feria-mueble-zaragoza-2016.jpg\",\"width\":400,\"height\":536,\"caption\":\"Feria del Mueble de Zaragoza 2016\"},{\"@type\":\"BreadcrumbList\",\"@id\":\"https:\/\/www.garciasabate.com\/garcia-sabate-presente-en-la-feria-del-mueble-de-zaragoza-2016\/#breadcrumb\",\"itemListElement\":[{\"@type\":\"ListItem\",\"position\":1,\"name\":\"Portada\",\"item\":\"https:\/\/www.garciasabate.com\/\"},{\"@type\":\"ListItem\",\"position\":2,\"name\":\"Garc\u00eda Sabate presente en la Feria del Mueble de Zaragoza 2016\"}]},{\"@type\":\"WebSite\",\"@id\":\"https:\/\/www.garciasabate.com\/#website\",\"url\":\"https:\/\/www.garciasabate.com\/\",\"name\":\"Garcia Sabat\u00e9\",\"description\":\"Muebles Modernos\",\"potentialAction\":[{\"@type\":\"SearchAction\",\"target\":{\"@type\":\"EntryPoint\",\"urlTemplate\":\"https:\/\/www.garciasabate.com\/?s={search_term_string}\"},\"query-input\":{\"@type\":\"PropertyValueSpecification\",\"valueRequired\":true,\"valueName\":\"search_term_string\"}}],\"inLanguage\":\"en-GB\"},{\"@type\":\"Person\",\"@id\":\"https:\/\/www.garciasabate.com\/#\/schema\/person\/ab7ed35e499acd98d64a47cc6bc963ec\",\"name\":\"Okisam\",\"image\":{\"@type\":\"ImageObject\",\"inLanguage\":\"en-GB\",\"@id\":\"https:\/\/www.garciasabate.com\/#\/schema\/person\/image\/\",\"url\":\"https:\/\/secure.gravatar.com\/avatar\/14e4ca291c3ad3ed5d90a305e404b3464e3af94d692344b481a2453b08e0c7c4?s=96&d=mm&r=g\",\"contentUrl\":\"https:\/\/secure.gravatar.com\/avatar\/14e4ca291c3ad3ed5d90a305e404b3464e3af94d692344b481a2453b08e0c7c4?s=96&d=mm&r=g\",\"caption\":\"Okisam\"},\"sameAs\":[\"https:\/\/www.garciasabate.com\"],\"url\":\"https:\/\/www.garciasabate.com\/en\/author\/okisam\/\"}]}<\/script>\n<!-- \/ Yoast SEO plugin. -->","yoast_head_json":{"title":"Garc\u00eda Sabate presente en la Feria del Mueble de Zaragoza 2016 - Garcia Sabat\u00e9","description":"Muebles Garcia Sabat\u00e9 ya tiene su lugar reservado y ya nos encontramos listos para presentar nuestras nuevas colecciones de muebles de comedor","robots":{"index":"index","follow":"follow","max-snippet":"max-snippet:-1","max-image-preview":"max-image-preview:large","max-video-preview":"max-video-preview:-1"},"canonical":"https:\/\/www.garciasabate.com\/en\/garcia-sabate-presente-en-la-feria-del-mueble-de-zaragoza-2016\/","og_locale":"en_GB","og_type":"article","og_title":"Garc\u00eda Sabate presente en la Feria del Mueble de Zaragoza 2016 - Garcia Sabat\u00e9","og_description":"Muebles Garcia Sabat\u00e9 ya tiene su lugar reservado y ya nos encontramos listos para presentar nuestras nuevas colecciones de muebles de comedor","og_url":"https:\/\/www.garciasabate.com\/en\/garcia-sabate-presente-en-la-feria-del-mueble-de-zaragoza-2016\/","og_site_name":"Garcia Sabat\u00e9","article_published_time":"2015-01-14T08:28:51+00:00","og_image":[{"width":400,"height":536,"url":"https:\/\/www.garciasabate.com\/wp-content\/uploads\/2015\/01\/Feria-mueble-zaragoza-2016.jpg","type":"image\/jpeg"}],"author":"Okisam","twitter_card":"summary_large_image","twitter_misc":{"Written by":"Okisam","Estimated reading time":"2 minutes"},"schema":{"@context":"https:\/\/schema.org","@graph":[{"@type":"WebPage","@id":"https:\/\/www.garciasabate.com\/garcia-sabate-presente-en-la-feria-del-mueble-de-zaragoza-2016\/","url":"https:\/\/www.garciasabate.com\/garcia-sabate-presente-en-la-feria-del-mueble-de-zaragoza-2016\/","name":"Garc\u00eda Sabate presente en la Feria del Mueble de Zaragoza 2016 - Garcia Sabat\u00e9","isPartOf":{"@id":"https:\/\/www.garciasabate.com\/#website"},"primaryImageOfPage":{"@id":"https:\/\/www.garciasabate.com\/garcia-sabate-presente-en-la-feria-del-mueble-de-zaragoza-2016\/#primaryimage"},"image":{"@id":"https:\/\/www.garciasabate.com\/garcia-sabate-presente-en-la-feria-del-mueble-de-zaragoza-2016\/#primaryimage"},"thumbnailUrl":"https:\/\/www.garciasabate.com\/wp-content\/uploads\/2015\/01\/Feria-mueble-zaragoza-2016.jpg","datePublished":"2015-01-14T08:28:51+00:00","dateModified":"2015-01-14T08:28:51+00:00","author":{"@id":"https:\/\/www.garciasabate.com\/#\/schema\/person\/ab7ed35e499acd98d64a47cc6bc963ec"},"description":"Muebles Garcia Sabat\u00e9 ya tiene su lugar reservado y ya nos encontramos listos para presentar nuestras nuevas colecciones de muebles de comedor","breadcrumb":{"@id":"https:\/\/www.garciasabate.com\/garcia-sabate-presente-en-la-feria-del-mueble-de-zaragoza-2016\/#breadcrumb"},"inLanguage":"en-GB","potentialAction":[{"@type":"ReadAction","target":["https:\/\/www.garciasabate.com\/garcia-sabate-presente-en-la-feria-del-mueble-de-zaragoza-2016\/"]}]},{"@type":"ImageObject","inLanguage":"en-GB","@id":"https:\/\/www.garciasabate.com\/garcia-sabate-presente-en-la-feria-del-mueble-de-zaragoza-2016\/#primaryimage","url":"https:\/\/www.garciasabate.com\/wp-content\/uploads\/2015\/01\/Feria-mueble-zaragoza-2016.jpg","contentUrl":"https:\/\/www.garciasabate.com\/wp-content\/uploads\/2015\/01\/Feria-mueble-zaragoza-2016.jpg","width":400,"height":536,"caption":"Feria del Mueble de Zaragoza 2016"},{"@type":"BreadcrumbList","@id":"https:\/\/www.garciasabate.com\/garcia-sabate-presente-en-la-feria-del-mueble-de-zaragoza-2016\/#breadcrumb","itemListElement":[{"@type":"ListItem","position":1,"name":"Portada","item":"https:\/\/www.garciasabate.com\/"},{"@type":"ListItem","position":2,"name":"Garc\u00eda Sabate presente en la Feria del Mueble de Zaragoza 2016"}]},{"@type":"WebSite","@id":"https:\/\/www.garciasabate.com\/#website","url":"https:\/\/www.garciasabate.com\/","name":"Garcia Sabat\u00e9","description":"Muebles Modernos","potentialAction":[{"@type":"SearchAction","target":{"@type":"EntryPoint","urlTemplate":"https:\/\/www.garciasabate.com\/?s={search_term_string}"},"query-input":{"@type":"PropertyValueSpecification","valueRequired":true,"valueName":"search_term_string"}}],"inLanguage":"en-GB"},{"@type":"Person","@id":"https:\/\/www.garciasabate.com\/#\/schema\/person\/ab7ed35e499acd98d64a47cc6bc963ec","name":"Okisam","image":{"@type":"ImageObject","inLanguage":"en-GB","@id":"https:\/\/www.garciasabate.com\/#\/schema\/person\/image\/","url":"https:\/\/secure.gravatar.com\/avatar\/14e4ca291c3ad3ed5d90a305e404b3464e3af94d692344b481a2453b08e0c7c4?s=96&d=mm&r=g","contentUrl":"https:\/\/secure.gravatar.com\/avatar\/14e4ca291c3ad3ed5d90a305e404b3464e3af94d692344b481a2453b08e0c7c4?s=96&d=mm&r=g","caption":"Okisam"},"sameAs":["https:\/\/www.garciasabate.com"],"url":"https:\/\/www.garciasabate.com\/en\/author\/okisam\/"}]}},"_links":{"self":[{"href":"https:\/\/www.garciasabate.com\/en\/wp-json\/wp\/v2\/posts\/2956","targetHints":{"allow":["GET"]}}],"collection":[{"href":"https:\/\/www.garciasabate.com\/en\/wp-json\/wp\/v2\/posts"}],"about":[{"href":"https:\/\/www.garciasabate.com\/en\/wp-json\/wp\/v2\/types\/post"}],"author":[{"embeddable":true,"href":"https:\/\/www.garciasabate.com\/en\/wp-json\/wp\/v2\/users\/1"}],"replies":[{"embeddable":true,"href":"https:\/\/www.garciasabate.com\/en\/wp-json\/wp\/v2\/comments?post=2956"}],"version-history":[{"count":0,"href":"https:\/\/www.garciasabate.com\/en\/wp-json\/wp\/v2\/posts\/2956\/revisions"}],"wp:featuredmedia":[{"embeddable":true,"href":"https:\/\/www.garciasabate.com\/en\/wp-json\/wp\/v2\/media\/3670"}],"wp:attachment":[{"href":"https:\/\/www.garciasabate.com\/en\/wp-json\/wp\/v2\/media?parent=2956"}],"wp:term":[{"taxonomy":"category","embeddable":true,"href":"https:\/\/www.garciasabate.com\/en\/wp-json\/wp\/v2\/categories?post=2956"},{"taxonomy":"post_tag","embeddable":true,"href":"https:\/\/www.garciasabate.com\/en\/wp-json\/wp\/v2\/tags?post=2956"}],"curies":[{"name":"wp","href":"https:\/\/api.w.org\/{rel}","templated":true}]}}