{"id":3803,"date":"2017-04-21T06:45:52","date_gmt":"2017-04-21T05:45:52","guid":{"rendered":"http:\/\/www.garciasabate.com\/?p=3803"},"modified":"2017-04-21T06:45:52","modified_gmt":"2017-04-21T05:45:52","slug":"garcia-sabate-feria-milan","status":"publish","type":"post","link":"https:\/\/www.garciasabate.com\/en\/garcia-sabate-feria-milan\/","title":{"rendered":"Garc\u00eda Sabat\u00e9 en la Feria de Milan"},"content":{"rendered":"<p><strong>Garc\u00eda Sabat\u00e9 furniture<\/strong> se ha consolidado r\u00e1pidamente como l\u00edder en la <strong>industria de muebles<\/strong> en el mercado europeo. Constantemente tiene participaci\u00f3n en ferias y eventos relacionados con el sector incluyendo la <a href=\"http:\/\/www.salonemilano.it\/\" target=\"_blank\" rel=\"noopener\">Feria del mueble de Mil\u00e1n<\/a>, donde ha estado presente de nuevo este a\u00f1o 2017. \u00a0La <strong>Empresa de Muebles<\/strong> aprovecha estos espacios para mostrar las m\u00e1s recientes novedades en el segmento de muebles y <strong>mobiliario de alta calidad<\/strong>.<\/p>\n<p>Cada vez que se participa en esta clase de eventos, Garc\u00eda Sabat\u00e9 sorprende con colecciones de muebles que destacan por sus dise\u00f1os y estilos. Una de las colecciones que actualmente la empresa est\u00e1 promocionando es <strong>Laurel y Hardy<\/strong>, que en este caso es un nuevo programa modular destinado a comedores y salones. En esta <strong>colecci\u00f3n de Garc\u00eda Sabat\u00e9<\/strong> se incluye una gama amplia de estantes para libros, adem\u00e1s de aparadores que brindan una apariencia contempor\u00e1nea y con estilo a cualquier zona en el hogar.<\/p>\n<p>Destacan tambi\u00e9n en esta colecci\u00f3n de muebles los acabados que en este caso incluyen la madera de roble natural de Montana, as\u00ed como m\u00faltiples opciones en roble de fum\u00e9, adem\u00e1s de nogal americano, todos los cuales se pueden mezclar con lacado refinado. Igualmente se les puede encontrar en diferentes tonalidades, ya sea en mate o brillante.<\/p>\n<p>Por ejemplo, la Composici\u00f3n H7 se destaca por estar fabricada totalmente en roble montana y con un acabado en barniz con tratamiento anti-ara\u00f1azos. Est\u00e1 compuesta por dos m\u00f3dulos que tienen la particularidad de ser apilables y adem\u00e1s pueden quedar integrados en una \u00fanica pieza. Por su parte, la Composici\u00f3n H6 nos presenta mobiliario con acabados en colores blanco mate y roble montana. En este caso existe una variedad de m\u00f3dulos que posibilita crear vol\u00famenes superpuestos para la combinaci\u00f3n de acabados.<\/p>\n<p><a href=\"https:\/\/www.garciasabate.com\/wp-content\/uploads\/2016\/10\/detalle-comedor-h7.jpg\"><img loading=\"lazy\" decoding=\"async\" class=\"aligncenter size-full wp-image-3415\" src=\"https:\/\/www.garciasabate.com\/wp-content\/uploads\/2016\/10\/detalle-comedor-h7.jpg\" alt=\"\" width=\"907\" height=\"907\" srcset=\"https:\/\/www.garciasabate.com\/wp-content\/uploads\/2016\/10\/detalle-comedor-h7.jpg 907w, https:\/\/www.garciasabate.com\/wp-content\/uploads\/2016\/10\/detalle-comedor-h7-150x150.jpg 150w, https:\/\/www.garciasabate.com\/wp-content\/uploads\/2016\/10\/detalle-comedor-h7-800x800.jpg 800w, https:\/\/www.garciasabate.com\/wp-content\/uploads\/2016\/10\/detalle-comedor-h7-768x768.jpg 768w\" sizes=\"auto, (max-width: 907px) 100vw, 907px\" \/><\/a><\/p>\n<p>&nbsp;<\/p>\n<p>En el caso de la Composici\u00f3n H1, se trata de muebles que han sido fabricados por completo en roble montana. Es una colecci\u00f3n que esta compuesta por un mueble bajo de cajones que se destaca por su gran capacidad, adem\u00e1s de un buffet de tres puertas y como complemento un mueble alto con puerta elevable.<\/p>\n<p>Cabe mencionar que esta es una colecci\u00f3n de muebles de Garc\u00eda Sabat\u00e9 que se distingue por su elegancia y su distinci\u00f3n, ideal para crear un entorno moderno en cualquier espacio. Esto mismo lo refleja la Composici\u00f3n H21, que en este caso es una composici\u00f3n de sal\u00f3n moderno fabricado en chapa natural de roble montana en el que se distinguen nudos, adem\u00e1s que se combina con lacados con brillos o mate.<\/p>\n<p>Para quienes tienen la oportunidad de asistir a los eventos mencionados anteriormente, pueden disfrutar de todas las novedades respecto a los muebles. Garc\u00eda Sabat\u00e9 se encarga de mostrar este tipo de colecciones para sorprender a todo el mundo con muebles de alta calidad. Adem\u00e1s este tipo de eventos son necesarios para continuar con su expansi\u00f3n en el mercado europeo ofreciendo siempre muebles que satisfacen plenamente las necesidades de cualquier familia.<\/p>\n<h2>Muebles de Comedor de alta calidad y Dise\u00f1o<\/h2>\n<p><a href=\"http:\/\/www.garciasabate.com\/en\/laurel-and-hardy\/\">Colecciones de Muebles \u00a0como la de Laurel y Hardy<\/a> son perfectas para quienes buscan darle un cambio a la decoraci\u00f3n de sus salones o incluso de cualquier zona en su hogar. La Composici\u00f3n H41 de esta colecci\u00f3n combina acabados de chapa de roble montana, adem\u00e1s de frentes porcel\u00e1nicos en la parte frontal del buffet. Esto proporciona un car\u00e1cter m\u00e1s personal al mueble, adem\u00e1s de que se ofrecen diferentes acabados porcel\u00e1nicos para personalizar a\u00fan m\u00e1s el m\u00f3dulo.<\/p>\n<p>La Composici\u00f3n H4 combina un modulo de televisi\u00f3n, adem\u00e1s de estanter\u00eda y buffer, en los que se combinan los acabaos de roble montana y laca blanca mate. Tambi\u00e9n se destacan las columnas laterales que tienen un grosor de 8 cm y que le proporcionan un car\u00e1cter m\u00e1s marcado a la colecci\u00f3n.<\/p>\n<p>En cualquier caso, los muebles de Garc\u00eda Sabat\u00e9 tienen impreso el sello de calidad no \u00fanicamente en el sentido de que son fabricados con materiales de alta calidad, sino que adem\u00e1s se les puede conseguir en una gama amplia de estilos, dise\u00f1os, colores y formas.<\/p>\n<p>&nbsp;<\/p>\n<p>[vc_column_text]<\/p>\n<p>MUEBLES GARCIA SABATE S.A. ha participado en el <em>Salone del Mobile Milano 2017<\/em> celebrado en Mil\u00e1n (Italia) y ha contado con el apoyo de ICEX, as\u00ed como con la cofinanciaci\u00f3n de fondos europeos FEDER, habiendo contribuido, seg\u00fan la medida de los mismos, al crecimiento econ\u00f3mico de esta empresa, su regi\u00f3n y de Espa\u00f1a en su conjunto<\/p>\n<p>[\/vc_column_text][vc_empty_space height=\u00bb22px\u00bb][vc_column_text]<a href=\"https:\/\/www.garciasabate.com\/wp-content\/uploads\/2016\/05\/logo-mueble.png\"><img loading=\"lazy\" decoding=\"async\" class=\"aligncenter wp-image-3800 size-full\" title=\"logo-mueble\" src=\"https:\/\/www.garciasabate.com\/wp-content\/uploads\/2016\/05\/logo-mueble.png\" alt=\"logo-mueble\" width=\"621\" height=\"126\" srcset=\"https:\/\/www.garciasabate.com\/wp-content\/uploads\/2016\/05\/logo-mueble.png 621w, https:\/\/www.garciasabate.com\/wp-content\/uploads\/2016\/05\/logo-mueble-150x30.png 150w\" sizes=\"auto, (max-width: 621px) 100vw, 621px\" \/><\/a>[\/vc_column_text][\/vc_column][vc_column width=\u00bb1\/6&#8243;]<\/p>","protected":false},"excerpt":{"rendered":"<p>Garc\u00eda Sabat\u00e9 se ha consolidado r\u00e1pidamente como l\u00edder en la industria de muebles en el mercado europeo. Constantemente tiene participaci\u00f3n<\/p>","protected":false},"author":1,"featured_media":3804,"comment_status":"open","ping_status":"open","sticky":false,"template":"","format":"standard","meta":{"footnotes":""},"categories":[131,102],"tags":[],"class_list":["post-3803","post","type-post","status-publish","format-standard","has-post-thumbnail","hentry","category-blog","category-noticias"],"yoast_head":"<!-- This site is optimized with the Yoast SEO plugin v23.4 - https:\/\/yoast.com\/wordpress\/plugins\/seo\/ -->\n<title>Garc\u00eda Sabat\u00e9 en la Feria de Milan | Nueva Colecci\u00f3n de Muebles, Laurel y Hardy<\/title>\n<meta name=\"description\" content=\"Garc\u00eda Sabat\u00e9 se ha consolidado r\u00e1pidamente como l\u00edder en la industria de muebles en el mercado europeo. Este a\u00f1o participa en la Feria del mueble de Mil\u00e1n,\" \/>\n<meta name=\"robots\" content=\"index, follow, max-snippet:-1, max-image-preview:large, max-video-preview:-1\" \/>\n<link rel=\"canonical\" href=\"https:\/\/www.garciasabate.com\/en\/garcia-sabate-feria-milan\/\" \/>\n<meta property=\"og:locale\" content=\"en_GB\" \/>\n<meta property=\"og:type\" content=\"article\" \/>\n<meta property=\"og:title\" content=\"Garc\u00eda Sabat\u00e9 en la Feria de Milan | Nueva Colecci\u00f3n de Muebles, Laurel y Hardy\" \/>\n<meta property=\"og:description\" content=\"Garc\u00eda Sabat\u00e9 se ha consolidado r\u00e1pidamente como l\u00edder en la industria de muebles en el mercado europeo. Este a\u00f1o participa en la Feria del mueble de Mil\u00e1n,\" \/>\n<meta property=\"og:url\" content=\"https:\/\/www.garciasabate.com\/en\/garcia-sabate-feria-milan\/\" \/>\n<meta property=\"og:site_name\" content=\"Garcia Sabat\u00e9\" \/>\n<meta property=\"article:published_time\" content=\"2017-04-21T05:45:52+00:00\" \/>\n<meta property=\"og:image\" content=\"https:\/\/www.garciasabate.com\/wp-content\/uploads\/2017\/04\/feria-mueble-milan-2017.jpg\" \/>\n\t<meta property=\"og:image:width\" content=\"761\" \/>\n\t<meta property=\"og:image:height\" content=\"576\" \/>\n\t<meta property=\"og:image:type\" content=\"image\/jpeg\" \/>\n<meta name=\"author\" content=\"Okisam\" \/>\n<meta name=\"twitter:card\" content=\"summary_large_image\" \/>\n<meta name=\"twitter:label1\" content=\"Written by\" \/>\n\t<meta name=\"twitter:data1\" content=\"Okisam\" \/>\n\t<meta name=\"twitter:label2\" content=\"Estimated reading time\" \/>\n\t<meta name=\"twitter:data2\" content=\"4 minutes\" \/>\n<script type=\"application\/ld+json\" class=\"yoast-schema-graph\">{\"@context\":\"https:\/\/schema.org\",\"@graph\":[{\"@type\":\"WebPage\",\"@id\":\"https:\/\/www.garciasabate.com\/garcia-sabate-feria-milan\/\",\"url\":\"https:\/\/www.garciasabate.com\/garcia-sabate-feria-milan\/\",\"name\":\"Garc\u00eda Sabat\u00e9 en la Feria de Milan | Nueva Colecci\u00f3n de Muebles, Laurel y Hardy\",\"isPartOf\":{\"@id\":\"https:\/\/www.garciasabate.com\/#website\"},\"primaryImageOfPage\":{\"@id\":\"https:\/\/www.garciasabate.com\/garcia-sabate-feria-milan\/#primaryimage\"},\"image\":{\"@id\":\"https:\/\/www.garciasabate.com\/garcia-sabate-feria-milan\/#primaryimage\"},\"thumbnailUrl\":\"https:\/\/www.garciasabate.com\/wp-content\/uploads\/2017\/04\/feria-mueble-milan-2017.jpg\",\"datePublished\":\"2017-04-21T05:45:52+00:00\",\"dateModified\":\"2017-04-21T05:45:52+00:00\",\"author\":{\"@id\":\"https:\/\/www.garciasabate.com\/#\/schema\/person\/ab7ed35e499acd98d64a47cc6bc963ec\"},\"description\":\"Garc\u00eda Sabat\u00e9 se ha consolidado r\u00e1pidamente como l\u00edder en la industria de muebles en el mercado europeo. Este a\u00f1o participa en la Feria del mueble de Mil\u00e1n,\",\"breadcrumb\":{\"@id\":\"https:\/\/www.garciasabate.com\/garcia-sabate-feria-milan\/#breadcrumb\"},\"inLanguage\":\"en-GB\",\"potentialAction\":[{\"@type\":\"ReadAction\",\"target\":[\"https:\/\/www.garciasabate.com\/garcia-sabate-feria-milan\/\"]}]},{\"@type\":\"ImageObject\",\"inLanguage\":\"en-GB\",\"@id\":\"https:\/\/www.garciasabate.com\/garcia-sabate-feria-milan\/#primaryimage\",\"url\":\"https:\/\/www.garciasabate.com\/wp-content\/uploads\/2017\/04\/feria-mueble-milan-2017.jpg\",\"contentUrl\":\"https:\/\/www.garciasabate.com\/wp-content\/uploads\/2017\/04\/feria-mueble-milan-2017.jpg\",\"width\":761,\"height\":576,\"caption\":\"Feria del mueble de Milan\"},{\"@type\":\"BreadcrumbList\",\"@id\":\"https:\/\/www.garciasabate.com\/garcia-sabate-feria-milan\/#breadcrumb\",\"itemListElement\":[{\"@type\":\"ListItem\",\"position\":1,\"name\":\"Portada\",\"item\":\"https:\/\/www.garciasabate.com\/\"},{\"@type\":\"ListItem\",\"position\":2,\"name\":\"Garc\u00eda Sabat\u00e9 en la Feria de Milan\"}]},{\"@type\":\"WebSite\",\"@id\":\"https:\/\/www.garciasabate.com\/#website\",\"url\":\"https:\/\/www.garciasabate.com\/\",\"name\":\"Garcia Sabat\u00e9\",\"description\":\"Muebles Modernos\",\"potentialAction\":[{\"@type\":\"SearchAction\",\"target\":{\"@type\":\"EntryPoint\",\"urlTemplate\":\"https:\/\/www.garciasabate.com\/?s={search_term_string}\"},\"query-input\":{\"@type\":\"PropertyValueSpecification\",\"valueRequired\":true,\"valueName\":\"search_term_string\"}}],\"inLanguage\":\"en-GB\"},{\"@type\":\"Person\",\"@id\":\"https:\/\/www.garciasabate.com\/#\/schema\/person\/ab7ed35e499acd98d64a47cc6bc963ec\",\"name\":\"Okisam\",\"image\":{\"@type\":\"ImageObject\",\"inLanguage\":\"en-GB\",\"@id\":\"https:\/\/www.garciasabate.com\/#\/schema\/person\/image\/\",\"url\":\"https:\/\/secure.gravatar.com\/avatar\/14e4ca291c3ad3ed5d90a305e404b3464e3af94d692344b481a2453b08e0c7c4?s=96&d=mm&r=g\",\"contentUrl\":\"https:\/\/secure.gravatar.com\/avatar\/14e4ca291c3ad3ed5d90a305e404b3464e3af94d692344b481a2453b08e0c7c4?s=96&d=mm&r=g\",\"caption\":\"Okisam\"},\"sameAs\":[\"https:\/\/www.garciasabate.com\"],\"url\":\"https:\/\/www.garciasabate.com\/en\/author\/okisam\/\"}]}<\/script>\n<!-- \/ Yoast SEO plugin. -->","yoast_head_json":{"title":"Garc\u00eda Sabat\u00e9 en la Feria de Milan | Nueva Colecci\u00f3n de Muebles, Laurel y Hardy","description":"Garc\u00eda Sabat\u00e9 se ha consolidado r\u00e1pidamente como l\u00edder en la industria de muebles en el mercado europeo. Este a\u00f1o participa en la Feria del mueble de Mil\u00e1n,","robots":{"index":"index","follow":"follow","max-snippet":"max-snippet:-1","max-image-preview":"max-image-preview:large","max-video-preview":"max-video-preview:-1"},"canonical":"https:\/\/www.garciasabate.com\/en\/garcia-sabate-feria-milan\/","og_locale":"en_GB","og_type":"article","og_title":"Garc\u00eda Sabat\u00e9 en la Feria de Milan | Nueva Colecci\u00f3n de Muebles, Laurel y Hardy","og_description":"Garc\u00eda Sabat\u00e9 se ha consolidado r\u00e1pidamente como l\u00edder en la industria de muebles en el mercado europeo. Este a\u00f1o participa en la Feria del mueble de Mil\u00e1n,","og_url":"https:\/\/www.garciasabate.com\/en\/garcia-sabate-feria-milan\/","og_site_name":"Garcia Sabat\u00e9","article_published_time":"2017-04-21T05:45:52+00:00","og_image":[{"width":761,"height":576,"url":"https:\/\/www.garciasabate.com\/wp-content\/uploads\/2017\/04\/feria-mueble-milan-2017.jpg","type":"image\/jpeg"}],"author":"Okisam","twitter_card":"summary_large_image","twitter_misc":{"Written by":"Okisam","Estimated reading time":"4 minutes"},"schema":{"@context":"https:\/\/schema.org","@graph":[{"@type":"WebPage","@id":"https:\/\/www.garciasabate.com\/garcia-sabate-feria-milan\/","url":"https:\/\/www.garciasabate.com\/garcia-sabate-feria-milan\/","name":"Garc\u00eda Sabat\u00e9 en la Feria de Milan | Nueva Colecci\u00f3n de Muebles, Laurel y Hardy","isPartOf":{"@id":"https:\/\/www.garciasabate.com\/#website"},"primaryImageOfPage":{"@id":"https:\/\/www.garciasabate.com\/garcia-sabate-feria-milan\/#primaryimage"},"image":{"@id":"https:\/\/www.garciasabate.com\/garcia-sabate-feria-milan\/#primaryimage"},"thumbnailUrl":"https:\/\/www.garciasabate.com\/wp-content\/uploads\/2017\/04\/feria-mueble-milan-2017.jpg","datePublished":"2017-04-21T05:45:52+00:00","dateModified":"2017-04-21T05:45:52+00:00","author":{"@id":"https:\/\/www.garciasabate.com\/#\/schema\/person\/ab7ed35e499acd98d64a47cc6bc963ec"},"description":"Garc\u00eda Sabat\u00e9 se ha consolidado r\u00e1pidamente como l\u00edder en la industria de muebles en el mercado europeo. Este a\u00f1o participa en la Feria del mueble de Mil\u00e1n,","breadcrumb":{"@id":"https:\/\/www.garciasabate.com\/garcia-sabate-feria-milan\/#breadcrumb"},"inLanguage":"en-GB","potentialAction":[{"@type":"ReadAction","target":["https:\/\/www.garciasabate.com\/garcia-sabate-feria-milan\/"]}]},{"@type":"ImageObject","inLanguage":"en-GB","@id":"https:\/\/www.garciasabate.com\/garcia-sabate-feria-milan\/#primaryimage","url":"https:\/\/www.garciasabate.com\/wp-content\/uploads\/2017\/04\/feria-mueble-milan-2017.jpg","contentUrl":"https:\/\/www.garciasabate.com\/wp-content\/uploads\/2017\/04\/feria-mueble-milan-2017.jpg","width":761,"height":576,"caption":"Feria del mueble de Milan"},{"@type":"BreadcrumbList","@id":"https:\/\/www.garciasabate.com\/garcia-sabate-feria-milan\/#breadcrumb","itemListElement":[{"@type":"ListItem","position":1,"name":"Portada","item":"https:\/\/www.garciasabate.com\/"},{"@type":"ListItem","position":2,"name":"Garc\u00eda Sabat\u00e9 en la Feria de Milan"}]},{"@type":"WebSite","@id":"https:\/\/www.garciasabate.com\/#website","url":"https:\/\/www.garciasabate.com\/","name":"Garcia Sabat\u00e9","description":"Muebles Modernos","potentialAction":[{"@type":"SearchAction","target":{"@type":"EntryPoint","urlTemplate":"https:\/\/www.garciasabate.com\/?s={search_term_string}"},"query-input":{"@type":"PropertyValueSpecification","valueRequired":true,"valueName":"search_term_string"}}],"inLanguage":"en-GB"},{"@type":"Person","@id":"https:\/\/www.garciasabate.com\/#\/schema\/person\/ab7ed35e499acd98d64a47cc6bc963ec","name":"Okisam","image":{"@type":"ImageObject","inLanguage":"en-GB","@id":"https:\/\/www.garciasabate.com\/#\/schema\/person\/image\/","url":"https:\/\/secure.gravatar.com\/avatar\/14e4ca291c3ad3ed5d90a305e404b3464e3af94d692344b481a2453b08e0c7c4?s=96&d=mm&r=g","contentUrl":"https:\/\/secure.gravatar.com\/avatar\/14e4ca291c3ad3ed5d90a305e404b3464e3af94d692344b481a2453b08e0c7c4?s=96&d=mm&r=g","caption":"Okisam"},"sameAs":["https:\/\/www.garciasabate.com"],"url":"https:\/\/www.garciasabate.com\/en\/author\/okisam\/"}]}},"_links":{"self":[{"href":"https:\/\/www.garciasabate.com\/en\/wp-json\/wp\/v2\/posts\/3803","targetHints":{"allow":["GET"]}}],"collection":[{"href":"https:\/\/www.garciasabate.com\/en\/wp-json\/wp\/v2\/posts"}],"about":[{"href":"https:\/\/www.garciasabate.com\/en\/wp-json\/wp\/v2\/types\/post"}],"author":[{"embeddable":true,"href":"https:\/\/www.garciasabate.com\/en\/wp-json\/wp\/v2\/users\/1"}],"replies":[{"embeddable":true,"href":"https:\/\/www.garciasabate.com\/en\/wp-json\/wp\/v2\/comments?post=3803"}],"version-history":[{"count":0,"href":"https:\/\/www.garciasabate.com\/en\/wp-json\/wp\/v2\/posts\/3803\/revisions"}],"wp:featuredmedia":[{"embeddable":true,"href":"https:\/\/www.garciasabate.com\/en\/wp-json\/wp\/v2\/media\/3804"}],"wp:attachment":[{"href":"https:\/\/www.garciasabate.com\/en\/wp-json\/wp\/v2\/media?parent=3803"}],"wp:term":[{"taxonomy":"category","embeddable":true,"href":"https:\/\/www.garciasabate.com\/en\/wp-json\/wp\/v2\/categories?post=3803"},{"taxonomy":"post_tag","embeddable":true,"href":"https:\/\/www.garciasabate.com\/en\/wp-json\/wp\/v2\/tags?post=3803"}],"curies":[{"name":"wp","href":"https:\/\/api.w.org\/{rel}","templated":true}]}}