{"id":7037,"date":"2019-11-26T12:29:19","date_gmt":"2019-11-26T11:29:19","guid":{"rendered":"https:\/\/www.garciasabate.com\/?p=7037"},"modified":"2019-11-26T12:29:19","modified_gmt":"2019-11-26T11:29:19","slug":"consejos-para-la-organizacion-de-armarios-de-puertas-correderas","status":"publish","type":"post","link":"https:\/\/www.garciasabate.com\/en\/consejos-para-la-organizacion-de-armarios-de-puertas-correderas\/","title":{"rendered":"Consejos para la organizaci\u00f3n de armarios de puertas correderas"},"content":{"rendered":"<p><strong><strong style=\"font-size: 25px;\"><strong><span style=\"color: #800000;\">\u00bfP<\/span><\/strong><\/strong><strong><span style=\"color: #800000;\">or d\u00f3nde empiezo? <\/span><\/strong><\/strong>Es la pregunta a la que nos enfrentamos siempre que hay que organizar toda la ropa que tenemos en el armario. <span style=\"text-decoration: underline;\">\u00a1Hasta la propia Marie Kondo se la hace!<\/span><\/p>\n<p>Antes de nada, t\u00f3matelo con calma y si quieres que la organizaci\u00f3n de tu armario sea lo mejor posible, tendr\u00e1s que <strong>vaciar todo para decidir qu\u00e9 quieres guardar y que no.<\/strong><\/p>\n<p><!--more--><\/p>\n<p><span style=\"background-color: #ffffe0;\">El armario de puertas correderas es un elemento de almacenamiento clave que nos permite guardar todo lo que queremos<\/span>, pero si no seguimos unos criterios de organizaci\u00f3n puede que no estemos aprovechando al m\u00e1ximo ese espacio y todav\u00eda nos queden cosas por guardar.<\/p>\n<p><strong>Hoy te damos los consejos clave para que en tu armario coja todo y ganes espacio por arte de magia. <\/strong><em>\u00a1Toma nota!\u00a0<\/em><\/p>\n<h2 style=\"text-align: center;\"><strong><strong><span style=\"color: #800000;\">\u2730 CONSEJOS PARA LA ORGANIZACI\u00d3N DE ARMARIOS DE PUERTAS CORREDERAS \u2730<\/span><\/strong><\/strong><\/h2>\n<p><span style=\"text-decoration: underline;\">Pautas, ideas y consejos hay un mont\u00f3n para poder ordenar armarios, pero aqu\u00ed te dejamos con las recomendaciones clave:<\/span><\/p>\n<ol>\n<li>\n<h3><strong>ORDEN POR TEM\u00c1TICAS O COLORES<\/strong><\/h3>\n<h3><strong><br \/>\n<img loading=\"lazy\" decoding=\"async\" class=\"aligncenter wp-image-7120 size-full\" src=\"https:\/\/www.garciasabate.com\/wp-content\/uploads\/2019\/11\/ordenar-armario-garcia-sabate-ropa.png\" alt=\"\" width=\"940\" height=\"788\" srcset=\"https:\/\/www.garciasabate.com\/wp-content\/uploads\/2019\/11\/ordenar-armario-garcia-sabate-ropa.png 940w, https:\/\/www.garciasabate.com\/wp-content\/uploads\/2019\/11\/ordenar-armario-garcia-sabate-ropa-150x126.png 150w, https:\/\/www.garciasabate.com\/wp-content\/uploads\/2019\/11\/ordenar-armario-garcia-sabate-ropa-800x671.png 800w, https:\/\/www.garciasabate.com\/wp-content\/uploads\/2019\/11\/ordenar-armario-garcia-sabate-ropa-768x644.png 768w\" sizes=\"auto, (max-width: 940px) 100vw, 940px\" \/><\/strong><\/h3>\n<p><strong>\u00bfC\u00f3mo saber d\u00f3nde tenemos cada prenda en nuestro armario de puertas correderas?<\/strong> Pues muy sencillo, <strong>\u00a1por colores! <\/strong>Esto nos permitir\u00e1 con solo echar un vistazo donde tenemos esa camisa blanca o ese vestido amarillo lima. Dentro de esta pauta, tambi\u00e9n es posible<strong> ordenarlo por tem\u00e1ticas<\/strong>, es decir, por h\u00e1bitos personales: Deporte, looks de oficina, ropa para momentos m\u00e1s especiales, etc.<\/li>\n<li>\n<h3><strong>ORGANIZAR LA ROPA CUIDADOSAMENTE<br \/>\n<img loading=\"lazy\" decoding=\"async\" class=\"aligncenter wp-image-7121 size-full\" src=\"https:\/\/www.garciasabate.com\/wp-content\/uploads\/2019\/11\/ordenar-armario-garcia-sabate-ropa-2.png\" alt=\"\" width=\"940\" height=\"788\" srcset=\"https:\/\/www.garciasabate.com\/wp-content\/uploads\/2019\/11\/ordenar-armario-garcia-sabate-ropa-2.png 940w, https:\/\/www.garciasabate.com\/wp-content\/uploads\/2019\/11\/ordenar-armario-garcia-sabate-ropa-2-150x126.png 150w, https:\/\/www.garciasabate.com\/wp-content\/uploads\/2019\/11\/ordenar-armario-garcia-sabate-ropa-2-800x671.png 800w, https:\/\/www.garciasabate.com\/wp-content\/uploads\/2019\/11\/ordenar-armario-garcia-sabate-ropa-2-768x644.png 768w\" sizes=\"auto, (max-width: 940px) 100vw, 940px\" \/><\/strong><\/h3>\n<p>Al tratarse de un armario con puertas correderas, debemos de tener cuidado a la hora de <strong>guardar las prendas de forma correcta para que no se arruguen.<\/strong> Si se trata de prendas m\u00e1s delicadas, podemos meterlas en bolsas especiales.<\/p>\n<p><strong>La clave de este punto es dejar el espacio necesario entre prenda y prenda<\/strong>, no aglomerar la ropa de manera r\u00e1pida sino darle algo de mimo y cuidado para conseguir encontrarla de forma r\u00e1pida pero al mismo tiempo que \u00e9sta siga como el primer d\u00eda.<\/li>\n<li>\n<h3><strong>LOS COMPLEMENTOS TAMBI\u00c9N TIENEN SU \u00abHUEQUECITO\u00bb<br \/>\n<img loading=\"lazy\" decoding=\"async\" class=\"aligncenter wp-image-7119 size-full\" src=\"https:\/\/www.garciasabate.com\/wp-content\/uploads\/2019\/11\/ordenar-armario-garcia-sabate.png\" alt=\"\" width=\"940\" height=\"788\" srcset=\"https:\/\/www.garciasabate.com\/wp-content\/uploads\/2019\/11\/ordenar-armario-garcia-sabate.png 940w, https:\/\/www.garciasabate.com\/wp-content\/uploads\/2019\/11\/ordenar-armario-garcia-sabate-150x126.png 150w, https:\/\/www.garciasabate.com\/wp-content\/uploads\/2019\/11\/ordenar-armario-garcia-sabate-800x671.png 800w, https:\/\/www.garciasabate.com\/wp-content\/uploads\/2019\/11\/ordenar-armario-garcia-sabate-768x644.png 768w\" sizes=\"auto, (max-width: 940px) 100vw, 940px\" \/><\/strong><\/h3>\n<p><em>Pa\u00f1uelos, bufandas, sombreros, gafas, joyas, bolsos&#8230;<\/em><strong>\u00a1son infinitos los accesorios que podemos llegar a tener!<\/strong> Tambi\u00e9n hay que guardarlos de forma estrat\u00e9gica en el armario.<br \/>\nDentro del armario, hay niveles superiores que podemos aprovechar no solo para dejar los jers\u00e9is doblados, sino para dejar un sitio para nuestros accesorios.<\/p>\n<p>Y si nos queda alg\u00fan caj\u00f3n libre, hay baldas especiales para dejar joyas o hasta para tener las gafas de sol s\u00faper ordenadas.<\/li>\n<\/ol>\n<p>&nbsp;<\/p>\n<p>[Best_Wordpress_Gallery id=\u00bb4&#8243; gal_title=\u00bbArmarios\u00bb]<\/p>\n<p>&nbsp;<\/p>\n<h3 style=\"text-align: center;\"><strong><span style=\"color: #800000;\">ELEMENTOS QUE TE AYUDAR\u00c1N A MANTENER EL ORDEN Y GANAR ESPACIO<\/span><\/strong><\/h3>\n<div style=\"border-color: #f7f49c; border-style: solid; padding: 5px;\">\n<p><strong><img loading=\"lazy\" decoding=\"async\" class=\"wp-image-7113 alignnone\" src=\"https:\/\/www.garciasabate.com\/wp-content\/uploads\/2019\/11\/clothes-hanger-150x150.png\" alt=\"\" width=\"59\" height=\"59\" srcset=\"https:\/\/www.garciasabate.com\/wp-content\/uploads\/2019\/11\/clothes-hanger-150x150.png 150w, https:\/\/www.garciasabate.com\/wp-content\/uploads\/2019\/11\/clothes-hanger.png 512w\" sizes=\"auto, (max-width: 59px) 100vw, 59px\" \/> Perchas<\/strong> de diferentes formas tama\u00f1os para colgar la ropa.<\/p>\n<p><strong><img loading=\"lazy\" decoding=\"async\" class=\"wp-image-7114 alignnone\" src=\"https:\/\/www.garciasabate.com\/wp-content\/uploads\/2019\/11\/clothes-line-150x150.png\" alt=\"\" width=\"67\" height=\"67\" srcset=\"https:\/\/www.garciasabate.com\/wp-content\/uploads\/2019\/11\/clothes-line-150x150.png 150w, https:\/\/www.garciasabate.com\/wp-content\/uploads\/2019\/11\/clothes-line.png 512w\" sizes=\"auto, (max-width: 67px) 100vw, 67px\" \/>Barras<\/strong> deslizables.<\/p>\n<p><strong><img loading=\"lazy\" decoding=\"async\" class=\"wp-image-7115 alignnone\" src=\"https:\/\/www.garciasabate.com\/wp-content\/uploads\/2019\/11\/hanger-150x150.png\" alt=\"\" width=\"62\" height=\"62\" srcset=\"https:\/\/www.garciasabate.com\/wp-content\/uploads\/2019\/11\/hanger-150x150.png 150w, https:\/\/www.garciasabate.com\/wp-content\/uploads\/2019\/11\/hanger.png 512w\" sizes=\"auto, (max-width: 62px) 100vw, 62px\" \/> Anillas<\/strong> en las perchas para poder colgar m\u00e1s de dos prendas.<\/p>\n<p><strong><img loading=\"lazy\" decoding=\"async\" class=\"wp-image-7117 alignnone\" src=\"https:\/\/www.garciasabate.com\/wp-content\/uploads\/2019\/11\/shoe-150x150.png\" alt=\"\" width=\"61\" height=\"61\" srcset=\"https:\/\/www.garciasabate.com\/wp-content\/uploads\/2019\/11\/shoe-150x150.png 150w, https:\/\/www.garciasabate.com\/wp-content\/uploads\/2019\/11\/shoe.png 512w\" sizes=\"auto, (max-width: 61px) 100vw, 61px\" \/> Zapatero<\/strong> extra\u00edble.<\/p>\n<p><strong><img loading=\"lazy\" decoding=\"async\" class=\"wp-image-7116 alignnone\" src=\"https:\/\/www.garciasabate.com\/wp-content\/uploads\/2019\/11\/costume-clothes-150x150.png\" alt=\"\" width=\"54\" height=\"54\" srcset=\"https:\/\/www.garciasabate.com\/wp-content\/uploads\/2019\/11\/costume-clothes-150x150.png 150w, https:\/\/www.garciasabate.com\/wp-content\/uploads\/2019\/11\/costume-clothes.png 512w\" sizes=\"auto, (max-width: 54px) 100vw, 54px\" \/>\u00a0 Wardrobe<\/strong> colgante.<\/p>\n<p><strong> <img loading=\"lazy\" decoding=\"async\" class=\"wp-image-7118 alignnone\" src=\"https:\/\/www.garciasabate.com\/wp-content\/uploads\/2019\/11\/shelves-150x150.png\" alt=\"\" width=\"49\" height=\"49\" srcset=\"https:\/\/www.garciasabate.com\/wp-content\/uploads\/2019\/11\/shelves-150x150.png 150w, https:\/\/www.garciasabate.com\/wp-content\/uploads\/2019\/11\/shelves.png 512w\" sizes=\"auto, (max-width: 49px) 100vw, 49px\" \/>\u00a0 Baldas<\/strong> para dejar la bisuter\u00eda o guardar otros accesorios como podr\u00edan ser las gafas.<\/p>\n<\/div>\n<p>&nbsp;<\/p>\n<p><strong>\u00bfTienes alguna sugerencia m\u00e1s?<\/strong> Estaremos encantados de poder leerte. En <a href=\"https:\/\/www.garciasabate.com\/en\/\" target=\"_blank\" rel=\"noopener noreferrer\">Garc\u00eda Sabat\u00e9 furniture<\/a> nos adaptamos a tus necesidad, cons\u00faltanos.<\/p>\n<p style=\"text-align: center;\"><button><strong><a class=\"btn btn-gradient\" href=\"https:\/\/www.garciasabate.com\/en\/ubicacion-muebles-garcia-sabate\/\" target=\"_blank\" rel=\"noopener noreferrer\">\u00a1TE ESPERAMOS!<\/a><\/strong><\/button><\/p>","protected":false},"excerpt":{"rendered":"<p>\u00bfPor d\u00f3nde empiezo? Es la pregunta a la que nos enfrentamos siempre que hay que organizar toda la ropa que<\/p>","protected":false},"author":1,"featured_media":7127,"comment_status":"open","ping_status":"open","sticky":false,"template":"","format":"standard","meta":{"footnotes":""},"categories":[131],"tags":[],"class_list":["post-7037","post","type-post","status-publish","format-standard","has-post-thumbnail","hentry","category-blog"],"yoast_head":"<!-- This site is optimized with the Yoast SEO plugin v23.4 - https:\/\/yoast.com\/wordpress\/plugins\/seo\/ -->\n<title>Consejos para la organizaci\u00f3n de armarios puertas correderas<\/title>\n<meta name=\"robots\" content=\"index, follow, max-snippet:-1, max-image-preview:large, max-video-preview:-1\" \/>\n<link rel=\"canonical\" href=\"https:\/\/www.garciasabate.com\/en\/consejos-para-la-organizacion-de-armarios-de-puertas-correderas\/\" \/>\n<meta property=\"og:locale\" content=\"en_GB\" \/>\n<meta property=\"og:type\" content=\"article\" \/>\n<meta property=\"og:title\" content=\"Consejos para la organizaci\u00f3n de armarios puertas correderas\" \/>\n<meta property=\"og:description\" content=\"\u00bfPor d\u00f3nde empiezo? Es la pregunta a la que nos enfrentamos siempre que hay que organizar toda la ropa que\" \/>\n<meta property=\"og:url\" content=\"https:\/\/www.garciasabate.com\/en\/consejos-para-la-organizacion-de-armarios-de-puertas-correderas\/\" \/>\n<meta property=\"og:site_name\" content=\"Garcia Sabat\u00e9\" \/>\n<meta property=\"article:published_time\" content=\"2019-11-26T11:29:19+00:00\" \/>\n<meta property=\"og:image\" content=\"https:\/\/www.garciasabate.com\/wp-content\/uploads\/2019\/11\/como-organizar-armario-puertas-correderas-gs-1.jpg\" \/>\n\t<meta property=\"og:image:width\" content=\"1903\" \/>\n\t<meta property=\"og:image:height\" content=\"1072\" \/>\n\t<meta property=\"og:image:type\" content=\"image\/jpeg\" \/>\n<meta name=\"author\" content=\"Okisam\" \/>\n<meta name=\"twitter:card\" content=\"summary_large_image\" \/>\n<meta name=\"twitter:label1\" content=\"Written by\" \/>\n\t<meta name=\"twitter:data1\" content=\"Okisam\" \/>\n\t<meta name=\"twitter:label2\" content=\"Estimated reading time\" \/>\n\t<meta name=\"twitter:data2\" content=\"3 minutes\" \/>\n<script type=\"application\/ld+json\" class=\"yoast-schema-graph\">{\"@context\":\"https:\/\/schema.org\",\"@graph\":[{\"@type\":\"WebPage\",\"@id\":\"https:\/\/www.garciasabate.com\/consejos-para-la-organizacion-de-armarios-de-puertas-correderas\/\",\"url\":\"https:\/\/www.garciasabate.com\/consejos-para-la-organizacion-de-armarios-de-puertas-correderas\/\",\"name\":\"Consejos para la organizaci\u00f3n de armarios puertas correderas\",\"isPartOf\":{\"@id\":\"https:\/\/www.garciasabate.com\/#website\"},\"primaryImageOfPage\":{\"@id\":\"https:\/\/www.garciasabate.com\/consejos-para-la-organizacion-de-armarios-de-puertas-correderas\/#primaryimage\"},\"image\":{\"@id\":\"https:\/\/www.garciasabate.com\/consejos-para-la-organizacion-de-armarios-de-puertas-correderas\/#primaryimage\"},\"thumbnailUrl\":\"https:\/\/www.garciasabate.com\/wp-content\/uploads\/2019\/11\/como-organizar-armario-puertas-correderas-gs-1.jpg\",\"datePublished\":\"2019-11-26T11:29:19+00:00\",\"dateModified\":\"2019-11-26T11:29:19+00:00\",\"author\":{\"@id\":\"https:\/\/www.garciasabate.com\/#\/schema\/person\/ab7ed35e499acd98d64a47cc6bc963ec\"},\"breadcrumb\":{\"@id\":\"https:\/\/www.garciasabate.com\/consejos-para-la-organizacion-de-armarios-de-puertas-correderas\/#breadcrumb\"},\"inLanguage\":\"en-GB\",\"potentialAction\":[{\"@type\":\"ReadAction\",\"target\":[\"https:\/\/www.garciasabate.com\/consejos-para-la-organizacion-de-armarios-de-puertas-correderas\/\"]}]},{\"@type\":\"ImageObject\",\"inLanguage\":\"en-GB\",\"@id\":\"https:\/\/www.garciasabate.com\/consejos-para-la-organizacion-de-armarios-de-puertas-correderas\/#primaryimage\",\"url\":\"https:\/\/www.garciasabate.com\/wp-content\/uploads\/2019\/11\/como-organizar-armario-puertas-correderas-gs-1.jpg\",\"contentUrl\":\"https:\/\/www.garciasabate.com\/wp-content\/uploads\/2019\/11\/como-organizar-armario-puertas-correderas-gs-1.jpg\",\"width\":1903,\"height\":1072},{\"@type\":\"BreadcrumbList\",\"@id\":\"https:\/\/www.garciasabate.com\/consejos-para-la-organizacion-de-armarios-de-puertas-correderas\/#breadcrumb\",\"itemListElement\":[{\"@type\":\"ListItem\",\"position\":1,\"name\":\"Portada\",\"item\":\"https:\/\/www.garciasabate.com\/\"},{\"@type\":\"ListItem\",\"position\":2,\"name\":\"Consejos para la organizaci\u00f3n de armarios de puertas correderas\"}]},{\"@type\":\"WebSite\",\"@id\":\"https:\/\/www.garciasabate.com\/#website\",\"url\":\"https:\/\/www.garciasabate.com\/\",\"name\":\"Garcia Sabat\u00e9\",\"description\":\"Muebles Modernos\",\"potentialAction\":[{\"@type\":\"SearchAction\",\"target\":{\"@type\":\"EntryPoint\",\"urlTemplate\":\"https:\/\/www.garciasabate.com\/?s={search_term_string}\"},\"query-input\":{\"@type\":\"PropertyValueSpecification\",\"valueRequired\":true,\"valueName\":\"search_term_string\"}}],\"inLanguage\":\"en-GB\"},{\"@type\":\"Person\",\"@id\":\"https:\/\/www.garciasabate.com\/#\/schema\/person\/ab7ed35e499acd98d64a47cc6bc963ec\",\"name\":\"Okisam\",\"image\":{\"@type\":\"ImageObject\",\"inLanguage\":\"en-GB\",\"@id\":\"https:\/\/www.garciasabate.com\/#\/schema\/person\/image\/\",\"url\":\"https:\/\/secure.gravatar.com\/avatar\/14e4ca291c3ad3ed5d90a305e404b3464e3af94d692344b481a2453b08e0c7c4?s=96&d=mm&r=g\",\"contentUrl\":\"https:\/\/secure.gravatar.com\/avatar\/14e4ca291c3ad3ed5d90a305e404b3464e3af94d692344b481a2453b08e0c7c4?s=96&d=mm&r=g\",\"caption\":\"Okisam\"},\"sameAs\":[\"https:\/\/www.garciasabate.com\"],\"url\":\"https:\/\/www.garciasabate.com\/en\/author\/okisam\/\"}]}<\/script>\n<!-- \/ Yoast SEO plugin. -->","yoast_head_json":{"title":"Consejos para la organizaci\u00f3n de armarios puertas correderas","robots":{"index":"index","follow":"follow","max-snippet":"max-snippet:-1","max-image-preview":"max-image-preview:large","max-video-preview":"max-video-preview:-1"},"canonical":"https:\/\/www.garciasabate.com\/en\/consejos-para-la-organizacion-de-armarios-de-puertas-correderas\/","og_locale":"en_GB","og_type":"article","og_title":"Consejos para la organizaci\u00f3n de armarios puertas correderas","og_description":"\u00bfPor d\u00f3nde empiezo? Es la pregunta a la que nos enfrentamos siempre que hay que organizar toda la ropa que","og_url":"https:\/\/www.garciasabate.com\/en\/consejos-para-la-organizacion-de-armarios-de-puertas-correderas\/","og_site_name":"Garcia Sabat\u00e9","article_published_time":"2019-11-26T11:29:19+00:00","og_image":[{"width":1903,"height":1072,"url":"https:\/\/www.garciasabate.com\/wp-content\/uploads\/2019\/11\/como-organizar-armario-puertas-correderas-gs-1.jpg","type":"image\/jpeg"}],"author":"Okisam","twitter_card":"summary_large_image","twitter_misc":{"Written by":"Okisam","Estimated reading time":"3 minutes"},"schema":{"@context":"https:\/\/schema.org","@graph":[{"@type":"WebPage","@id":"https:\/\/www.garciasabate.com\/consejos-para-la-organizacion-de-armarios-de-puertas-correderas\/","url":"https:\/\/www.garciasabate.com\/consejos-para-la-organizacion-de-armarios-de-puertas-correderas\/","name":"Consejos para la organizaci\u00f3n de armarios puertas correderas","isPartOf":{"@id":"https:\/\/www.garciasabate.com\/#website"},"primaryImageOfPage":{"@id":"https:\/\/www.garciasabate.com\/consejos-para-la-organizacion-de-armarios-de-puertas-correderas\/#primaryimage"},"image":{"@id":"https:\/\/www.garciasabate.com\/consejos-para-la-organizacion-de-armarios-de-puertas-correderas\/#primaryimage"},"thumbnailUrl":"https:\/\/www.garciasabate.com\/wp-content\/uploads\/2019\/11\/como-organizar-armario-puertas-correderas-gs-1.jpg","datePublished":"2019-11-26T11:29:19+00:00","dateModified":"2019-11-26T11:29:19+00:00","author":{"@id":"https:\/\/www.garciasabate.com\/#\/schema\/person\/ab7ed35e499acd98d64a47cc6bc963ec"},"breadcrumb":{"@id":"https:\/\/www.garciasabate.com\/consejos-para-la-organizacion-de-armarios-de-puertas-correderas\/#breadcrumb"},"inLanguage":"en-GB","potentialAction":[{"@type":"ReadAction","target":["https:\/\/www.garciasabate.com\/consejos-para-la-organizacion-de-armarios-de-puertas-correderas\/"]}]},{"@type":"ImageObject","inLanguage":"en-GB","@id":"https:\/\/www.garciasabate.com\/consejos-para-la-organizacion-de-armarios-de-puertas-correderas\/#primaryimage","url":"https:\/\/www.garciasabate.com\/wp-content\/uploads\/2019\/11\/como-organizar-armario-puertas-correderas-gs-1.jpg","contentUrl":"https:\/\/www.garciasabate.com\/wp-content\/uploads\/2019\/11\/como-organizar-armario-puertas-correderas-gs-1.jpg","width":1903,"height":1072},{"@type":"BreadcrumbList","@id":"https:\/\/www.garciasabate.com\/consejos-para-la-organizacion-de-armarios-de-puertas-correderas\/#breadcrumb","itemListElement":[{"@type":"ListItem","position":1,"name":"Portada","item":"https:\/\/www.garciasabate.com\/"},{"@type":"ListItem","position":2,"name":"Consejos para la organizaci\u00f3n de armarios de puertas correderas"}]},{"@type":"WebSite","@id":"https:\/\/www.garciasabate.com\/#website","url":"https:\/\/www.garciasabate.com\/","name":"Garcia Sabat\u00e9","description":"Muebles Modernos","potentialAction":[{"@type":"SearchAction","target":{"@type":"EntryPoint","urlTemplate":"https:\/\/www.garciasabate.com\/?s={search_term_string}"},"query-input":{"@type":"PropertyValueSpecification","valueRequired":true,"valueName":"search_term_string"}}],"inLanguage":"en-GB"},{"@type":"Person","@id":"https:\/\/www.garciasabate.com\/#\/schema\/person\/ab7ed35e499acd98d64a47cc6bc963ec","name":"Okisam","image":{"@type":"ImageObject","inLanguage":"en-GB","@id":"https:\/\/www.garciasabate.com\/#\/schema\/person\/image\/","url":"https:\/\/secure.gravatar.com\/avatar\/14e4ca291c3ad3ed5d90a305e404b3464e3af94d692344b481a2453b08e0c7c4?s=96&d=mm&r=g","contentUrl":"https:\/\/secure.gravatar.com\/avatar\/14e4ca291c3ad3ed5d90a305e404b3464e3af94d692344b481a2453b08e0c7c4?s=96&d=mm&r=g","caption":"Okisam"},"sameAs":["https:\/\/www.garciasabate.com"],"url":"https:\/\/www.garciasabate.com\/en\/author\/okisam\/"}]}},"_links":{"self":[{"href":"https:\/\/www.garciasabate.com\/en\/wp-json\/wp\/v2\/posts\/7037","targetHints":{"allow":["GET"]}}],"collection":[{"href":"https:\/\/www.garciasabate.com\/en\/wp-json\/wp\/v2\/posts"}],"about":[{"href":"https:\/\/www.garciasabate.com\/en\/wp-json\/wp\/v2\/types\/post"}],"author":[{"embeddable":true,"href":"https:\/\/www.garciasabate.com\/en\/wp-json\/wp\/v2\/users\/1"}],"replies":[{"embeddable":true,"href":"https:\/\/www.garciasabate.com\/en\/wp-json\/wp\/v2\/comments?post=7037"}],"version-history":[{"count":0,"href":"https:\/\/www.garciasabate.com\/en\/wp-json\/wp\/v2\/posts\/7037\/revisions"}],"wp:featuredmedia":[{"embeddable":true,"href":"https:\/\/www.garciasabate.com\/en\/wp-json\/wp\/v2\/media\/7127"}],"wp:attachment":[{"href":"https:\/\/www.garciasabate.com\/en\/wp-json\/wp\/v2\/media?parent=7037"}],"wp:term":[{"taxonomy":"category","embeddable":true,"href":"https:\/\/www.garciasabate.com\/en\/wp-json\/wp\/v2\/categories?post=7037"},{"taxonomy":"post_tag","embeddable":true,"href":"https:\/\/www.garciasabate.com\/en\/wp-json\/wp\/v2\/tags?post=7037"}],"curies":[{"name":"wp","href":"https:\/\/api.w.org\/{rel}","templated":true}]}}