{"id":7363,"date":"2020-08-13T12:15:38","date_gmt":"2020-08-13T11:15:38","guid":{"rendered":"https:\/\/www.garciasabate.com\/?p=7363"},"modified":"2020-08-13T12:15:38","modified_gmt":"2020-08-13T11:15:38","slug":"muebles-buffets-como-incluirlo-en-tu-decoracion","status":"publish","type":"post","link":"https:\/\/www.garciasabate.com\/en\/muebles-buffets-como-incluirlo-en-tu-decoracion\/","title":{"rendered":"Muebles Buffets: C\u00f3mo incluirlo en tu decoraci\u00f3n"},"content":{"rendered":"<p>The\u00a0<strong><em>mueble<\/em>\u00a0aparador\u00a0buffet\u00a0<\/strong>es uno de los\u00a0<em>muebles<\/em> con m\u00e1s historia de nuestros hogares. En <a href=\"http:\/\/www.garciasabate.com\/en\/\" target=\"_blank\" rel=\"noopener noreferrer\">Garc\u00eda Sabat\u00e9 furniture<\/a>, la <a href=\"https:\/\/www.garciasabate.com\/en\/coleccion-ckron-muebles-de-salon-madera-natural\/\" target=\"_blank\" rel=\"noopener noreferrer\">colecci\u00f3n CKRON<\/a> nos ofrece diferentes modelos de muebles buffets. Y es que ning\u00fan mueble ha sido capaz de superar la funcionalidad de un mueble buffet o aparador.<\/p>\n<p><strong>Tener un mueble buffet o aparador es acertar,<\/strong> sobre todo porque nuestro sal\u00f3n estar\u00e1 organizado a la perfecci\u00f3n. El mueble aparador <span style=\"text-decoration: underline;\">sirve de decoraci\u00f3n y mueble de almacenaje<\/span> as\u00ed como para guardar nuestra vitrina y otros utensilios.<\/p>\n<p><strong><span style=\"background-color: #ffffe0;\">En el post de hoy, veremos los <strong>diferentes muebles buffets y algunos tips para incluirnos en la decoraci\u00f3n de nuestro hogar<\/strong> de forma natural y con estilo. \u00bfQuieres convertir tu mueble buffet en un rinc\u00f3n estiloso? \u00a1Coge papel y boli y ap\u00fantate estos sencillos consejos!<\/span><\/strong><br \/>\n<!--more--><\/p>\n<h2 style=\"text-align: center;\"><strong>C\u00d3MO DECORAR EL MUEBLE BUFFET O APARADOR<\/strong><\/h2>\n<p>&nbsp;<\/p>\n<p class=\"p1\"><strong><span style=\"text-decoration: underline;\">1. Elemento clave en el centro<\/span><br \/>\n<\/strong>Un<strong> cuadro<\/strong>, es un gran elemento decorativo, sit\u00faalo a 10 cm del mueble. Si este es muy potente y llama bastante la atenci\u00f3n, solamente nos har\u00e1n falta pocos elementos decorativos para nuestro mueble.<\/p>\n<p>Si prefieres optar por un<strong> espejo<\/strong>, no podemos olvidar que es un recurso muy \u00fatil tanto a nivel pr\u00e1ctico como decorativo. Har\u00e1 que el espacio junto con el mueble aparador sea mucho m\u00e1s grande.<\/p>\n<p>&nbsp;<\/p>\n<p class=\"p1\"><strong><span style=\"text-decoration: underline;\">2. Para los extremos del mueble<\/span><br \/>\n<\/strong>Una l\u00e1mpara, ya que es un elemento alto y es donde visualmente quedar\u00e1 mejor.<\/p>\n<p class=\"p1\"><span style=\"text-decoration: underline;\"><strong>3. En el centro coloca elementos bajos<\/strong><\/span><br \/>\nComo revistas, libros, una bandeja para servir la mesa o alguna figura decorativa.<\/p>\n<p>&nbsp;<\/p>\n<p><span style=\"text-decoration: underline;\"><strong>4. Plantas como protagonistas\u00a0<\/strong><\/span><br \/>\nSiempre han sido una apuesta m\u00e1s que segura, ya que gracias a su color, variedad y formas hacen que cualquier estancia cobre vida. Puedes optar por varias plantas peque\u00f1as o bien una m\u00e1s grande.<\/p>\n<p>&nbsp;<\/p>\n<p><span style=\"text-decoration: underline;\"><strong>5. Decoraci\u00f3n debajo del buffet: Cestas, jarrones, pufs<\/strong><\/span><\/p>\n<p><span style=\"font-size: 16px;\">En la zona inferior al mueble tambi\u00e9n queda espacio que podemos ocupar. Puedes elegir colocar una banqueta alargada, pufs, cestas o bien alg\u00fan jarr\u00f3n a modo decorativo.<br \/>\n<\/span><\/p>\n<p>&nbsp;<\/p>\n<h3><strong><span style=\"color: #ffffff;\"><span style=\"background-color: #800000;\">Buffet para el sal\u00f3n modular<\/span><\/span><\/strong><\/h3>\n<p><a href=\"http:\/\/www.garciasabate.com\/en\/coleccion-ckron-muebles-de-salon-madera-natural\/buffet-salon-modular-coleccion-ckron\/\"><img loading=\"lazy\" decoding=\"async\" class=\"alignnone wp-image-7365 size-full\" src=\"https:\/\/www.garciasabate.com\/wp-content\/uploads\/2020\/08\/Sin-titulo-1-2.jpg\" alt=\"\" width=\"857\" height=\"383\" srcset=\"https:\/\/www.garciasabate.com\/wp-content\/uploads\/2020\/08\/Sin-titulo-1-2.jpg 857w, https:\/\/www.garciasabate.com\/wp-content\/uploads\/2020\/08\/Sin-titulo-1-2-150x67.jpg 150w, https:\/\/www.garciasabate.com\/wp-content\/uploads\/2020\/08\/Sin-titulo-1-2-800x358.jpg 800w, https:\/\/www.garciasabate.com\/wp-content\/uploads\/2020\/08\/Sin-titulo-1-2-768x343.jpg 768w\" sizes=\"auto, (max-width: 857px) 100vw, 857px\" \/><\/a><\/p>\n<p class=\"red\"><a href=\"http:\/\/www.garciasabate.com\/en\/coleccion-ckron-muebles-de-salon-madera-natural\/buffet-salon-modular-coleccion-ckron\/\" target=\"_blank\" rel=\"noopener noreferrer\"><span style=\"color: #993300;\">COMPOSICI\u00d3N CK23<\/span><\/a><\/p>\n<h3><\/h3>\n<p>&nbsp;<\/p>\n<h3><strong><span style=\"color: #ffffff;\"><span style=\"background-color: #800000;\">Mueble estante para comedor<\/span><\/span><\/strong><\/h3>\n<p><a href=\"http:\/\/www.garciasabate.com\/en\/coleccion-ckron-muebles-de-salon-madera-natural\/mueble-estante-comedor-coleccion-ckron\/\"><img loading=\"lazy\" decoding=\"async\" class=\"alignnone wp-image-7364 size-full\" src=\"https:\/\/www.garciasabate.com\/wp-content\/uploads\/2020\/08\/Sin-titulo-1-3.jpg\" alt=\"\" width=\"857\" height=\"383\" srcset=\"https:\/\/www.garciasabate.com\/wp-content\/uploads\/2020\/08\/Sin-titulo-1-3.jpg 857w, https:\/\/www.garciasabate.com\/wp-content\/uploads\/2020\/08\/Sin-titulo-1-3-150x67.jpg 150w, https:\/\/www.garciasabate.com\/wp-content\/uploads\/2020\/08\/Sin-titulo-1-3-800x358.jpg 800w, https:\/\/www.garciasabate.com\/wp-content\/uploads\/2020\/08\/Sin-titulo-1-3-768x343.jpg 768w\" sizes=\"auto, (max-width: 857px) 100vw, 857px\" \/><\/a><\/p>\n<p><a href=\"http:\/\/www.garciasabate.com\/en\/coleccion-ckron-muebles-de-salon-madera-natural\/mueble-estante-comedor-coleccion-ckron\/\" target=\"_blank\" rel=\"noopener noreferrer\"><span style=\"color: #993300;\">COMPOSICI\u00d3N CK24<\/span><\/a><\/p>\n<h1 class=\"red\"><\/h1>\n<h3><strong><span style=\"color: #ffffff;\"><span style=\"background-color: #800000;\">Mueble vitrina y estante para comedor<\/span><\/span><\/strong><\/h3>\n<p><a href=\"http:\/\/www.garciasabate.com\/en\/coleccion-ckron-muebles-de-salon-madera-natural\/mueble-vitrina-estante-comedor-coleccion-ckron\/\"><img loading=\"lazy\" decoding=\"async\" class=\"alignnone wp-image-7369 size-full\" src=\"https:\/\/www.garciasabate.com\/wp-content\/uploads\/2020\/08\/detalle-1.jpg\" alt=\"\" width=\"857\" height=\"383\" srcset=\"https:\/\/www.garciasabate.com\/wp-content\/uploads\/2020\/08\/detalle-1.jpg 857w, https:\/\/www.garciasabate.com\/wp-content\/uploads\/2020\/08\/detalle-1-150x67.jpg 150w, https:\/\/www.garciasabate.com\/wp-content\/uploads\/2020\/08\/detalle-1-800x358.jpg 800w, https:\/\/www.garciasabate.com\/wp-content\/uploads\/2020\/08\/detalle-1-768x343.jpg 768w\" sizes=\"auto, (max-width: 857px) 100vw, 857px\" \/><\/a><\/p>\n<p><a href=\"http:\/\/www.garciasabate.com\/en\/coleccion-ckron-muebles-de-salon-madera-natural\/mueble-vitrina-estante-comedor-coleccion-ckron\/\" target=\"_blank\" rel=\"noopener noreferrer\"><span style=\"color: #993300;\">COMPOSICI\u00d3N CK25<\/span><\/a><\/p>\n<p>&nbsp;<\/p>\n<h3><strong><span style=\"color: #ffffff;\"><span style=\"background-color: #800000;\">Buffet comedor con puerta, estante y vitrina<\/span><\/span><\/strong><\/h3>\n<p><a href=\"http:\/\/www.garciasabate.com\/en\/coleccion-ckron-muebles-de-salon-madera-natural\/buffet-comedor-con-puerta-estante-vitrina\/\"><img loading=\"lazy\" decoding=\"async\" class=\"alignnone wp-image-7368 size-full\" src=\"https:\/\/www.garciasabate.com\/wp-content\/uploads\/2020\/08\/Sin-titulo-1-4.jpg\" alt=\"\" width=\"857\" height=\"383\" srcset=\"https:\/\/www.garciasabate.com\/wp-content\/uploads\/2020\/08\/Sin-titulo-1-4.jpg 857w, https:\/\/www.garciasabate.com\/wp-content\/uploads\/2020\/08\/Sin-titulo-1-4-150x67.jpg 150w, https:\/\/www.garciasabate.com\/wp-content\/uploads\/2020\/08\/Sin-titulo-1-4-800x358.jpg 800w, https:\/\/www.garciasabate.com\/wp-content\/uploads\/2020\/08\/Sin-titulo-1-4-768x343.jpg 768w\" sizes=\"auto, (max-width: 857px) 100vw, 857px\" \/><\/a><\/p>\n<p><a href=\"http:\/\/www.garciasabate.com\/en\/coleccion-ckron-muebles-de-salon-madera-natural\/buffet-comedor-con-puerta-estante-vitrina\/\" target=\"_blank\" rel=\"noopener noreferrer\"><span style=\"color: #993300;\">COMPOSICI\u00d3N CK26<\/span><\/a><\/p>\n<p>&nbsp;<\/p>\n<p>&nbsp;<\/p>\n<h3><strong><span style=\"color: #ffffff;\"><span style=\"background-color: #800000;\">Buffet para comedor, gran capacidad almacenaje<\/span><\/span><\/strong><\/h3>\n<p><a href=\"http:\/\/www.garciasabate.com\/en\/coleccion-ckron-muebles-de-salon-madera-natural\/composicion-ck27\/\"><img loading=\"lazy\" decoding=\"async\" class=\"alignnone wp-image-7367\" src=\"https:\/\/www.garciasabate.com\/wp-content\/uploads\/2020\/08\/CK27-1-1024x801.jpg\" alt=\"\" width=\"874\" height=\"684\" \/><\/a><\/p>\n<p><a href=\"http:\/\/www.garciasabate.com\/en\/coleccion-ckron-muebles-de-salon-madera-natural\/composicion-ck27\/\" target=\"_blank\" rel=\"noopener noreferrer\"><span style=\"color: #993300;\">COMPOSICI\u00d3N CK27<\/span><\/a><\/p>\n<p>&nbsp;<\/p>\n<h3><strong><span style=\"color: #ffffff;\"><span style=\"background-color: #800000;\">Buffet comedor estilo industrial<\/span><\/span><\/strong><\/h3>\n<h2><a href=\"http:\/\/www.garciasabate.com\/en\/coleccion-ckron-muebles-de-salon-madera-natural\/buffet-comedor-estilo-industrial\/\"><img loading=\"lazy\" decoding=\"async\" class=\"alignnone wp-image-7366\" src=\"https:\/\/www.garciasabate.com\/wp-content\/uploads\/2020\/08\/CK28-1-1005x1024.jpg\" alt=\"\" width=\"889\" height=\"905\" \/><\/a><\/h2>\n<p><a href=\"http:\/\/www.garciasabate.com\/en\/coleccion-ckron-muebles-de-salon-madera-natural\/buffet-comedor-estilo-industrial\/\" target=\"_blank\" rel=\"noopener noreferrer\"><span style=\"color: #993300;\">COMPOSICI\u00d3N CK28<\/span><\/a><\/p>\n<p>&nbsp;<\/p>\n<h3><strong><span style=\"color: #ffffff;\"><span style=\"background-color: #800000;\">Buffet de estilo n\u00f3rdico<br \/>\n<a href=\"http:\/\/www.garciasabate.com\/en\/coleccion-ckron-muebles-de-salon-madera-natural\/buffet-estilo-nordico-coleccion-ckron\/\"><img loading=\"lazy\" decoding=\"async\" class=\"alignnone wp-image-7370 size-full\" src=\"https:\/\/www.garciasabate.com\/wp-content\/uploads\/2020\/08\/Sin-titulo-1-7.jpg\" alt=\"\" width=\"857\" height=\"383\" srcset=\"https:\/\/www.garciasabate.com\/wp-content\/uploads\/2020\/08\/Sin-titulo-1-7.jpg 857w, https:\/\/www.garciasabate.com\/wp-content\/uploads\/2020\/08\/Sin-titulo-1-7-150x67.jpg 150w, https:\/\/www.garciasabate.com\/wp-content\/uploads\/2020\/08\/Sin-titulo-1-7-800x358.jpg 800w, https:\/\/www.garciasabate.com\/wp-content\/uploads\/2020\/08\/Sin-titulo-1-7-768x343.jpg 768w\" sizes=\"auto, (max-width: 857px) 100vw, 857px\" \/><\/a><\/span><\/span><\/strong><\/h3>\n<p><a href=\"http:\/\/www.garciasabate.com\/en\/coleccion-ckron-muebles-de-salon-madera-natural\/buffet-estilo-nordico-coleccion-ckron\/\" target=\"_blank\" rel=\"noopener noreferrer\"><span style=\"color: #993300;\">COMPOSICI\u00d3N CK29<\/span><\/a><\/p>\n<p>&nbsp;<\/p>\n<p>&nbsp;<\/p>\n<p>Se trata de muebles buffets o muebles aparadores de <strong>fabricaci\u00f3n 100% nacional con maderas naturales sostenibles<\/strong>. Todas nuestras piezas admiten\u00a0<strong>variaciones de tama\u00f1o y personalizaci\u00f3n de acabados<\/strong>.\u00a0<a href=\"http:\/\/www.garciasabate.com\/en\/donde-comprar\/\" target=\"_blank\" rel=\"noopener noreferrer\"><b>Contacta con nosotros y descubre d\u00f3nde conseguir la Colecci\u00f3n de Armarios YOU&amp;ME<\/b><\/a><\/p>","protected":false},"excerpt":{"rendered":"<p>El\u00a0mueble\u00a0aparador\u00a0buffet\u00a0es uno de los\u00a0muebles con m\u00e1s historia de nuestros hogares. En Garc\u00eda Sabat\u00e9, la colecci\u00f3n CKRON nos ofrece diferentes modelos<\/p>","protected":false},"author":1,"featured_media":7374,"comment_status":"open","ping_status":"open","sticky":false,"template":"","format":"standard","meta":{"footnotes":""},"categories":[131],"tags":[276,277,216,278,106,279,280],"class_list":["post-7363","post","type-post","status-publish","format-standard","has-post-thumbnail","hentry","category-blog","tag-aparador-salon","tag-buffets","tag-decoracion-hogar","tag-decoracion-mueble","tag-garcia-sabate","tag-mueble-aparador","tag-mueble-buffet"],"yoast_head":"<!-- This site is optimized with the Yoast SEO plugin v23.4 - https:\/\/yoast.com\/wordpress\/plugins\/seo\/ -->\n<title>Muebles Buffets: C\u00f3mo incluirlo en tu decoraci\u00f3n, ideas y tipos<\/title>\n<meta name=\"description\" content=\"En el post de hoy, veremos los diferentes muebles buffets y algunos tips para incluirnos en la decoraci\u00f3n de nuestro hogar de forma natural y con estilo.\u00a0\" \/>\n<meta name=\"robots\" content=\"index, follow, max-snippet:-1, max-image-preview:large, max-video-preview:-1\" \/>\n<link rel=\"canonical\" href=\"https:\/\/www.garciasabate.com\/en\/muebles-buffets-como-incluirlo-en-tu-decoracion\/\" \/>\n<meta property=\"og:locale\" content=\"en_GB\" \/>\n<meta property=\"og:type\" content=\"article\" \/>\n<meta property=\"og:title\" content=\"Muebles Buffets: C\u00f3mo incluirlo en tu decoraci\u00f3n, ideas y tipos\" \/>\n<meta property=\"og:description\" content=\"En el post de hoy, veremos los diferentes muebles buffets y algunos tips para incluirnos en la decoraci\u00f3n de nuestro hogar de forma natural y con estilo.\u00a0\" \/>\n<meta property=\"og:url\" content=\"https:\/\/www.garciasabate.com\/en\/muebles-buffets-como-incluirlo-en-tu-decoracion\/\" \/>\n<meta property=\"og:site_name\" content=\"Garcia Sabat\u00e9\" \/>\n<meta property=\"article:published_time\" content=\"2020-08-13T11:15:38+00:00\" \/>\n<meta property=\"og:image\" content=\"https:\/\/www.garciasabate.com\/wp-content\/uploads\/2020\/08\/decorar-muebles-buffets.png\" \/>\n\t<meta property=\"og:image:width\" content=\"2526\" \/>\n\t<meta property=\"og:image:height\" content=\"1430\" \/>\n\t<meta property=\"og:image:type\" content=\"image\/png\" \/>\n<meta name=\"author\" content=\"Okisam\" \/>\n<meta name=\"twitter:card\" content=\"summary_large_image\" \/>\n<meta name=\"twitter:label1\" content=\"Written by\" \/>\n\t<meta name=\"twitter:data1\" content=\"Okisam\" \/>\n\t<meta name=\"twitter:label2\" content=\"Estimated reading time\" \/>\n\t<meta name=\"twitter:data2\" content=\"2 minutes\" \/>\n<script type=\"application\/ld+json\" class=\"yoast-schema-graph\">{\"@context\":\"https:\/\/schema.org\",\"@graph\":[{\"@type\":\"WebPage\",\"@id\":\"https:\/\/www.garciasabate.com\/muebles-buffets-como-incluirlo-en-tu-decoracion\/\",\"url\":\"https:\/\/www.garciasabate.com\/muebles-buffets-como-incluirlo-en-tu-decoracion\/\",\"name\":\"Muebles Buffets: C\u00f3mo incluirlo en tu decoraci\u00f3n, ideas y tipos\",\"isPartOf\":{\"@id\":\"https:\/\/www.garciasabate.com\/#website\"},\"primaryImageOfPage\":{\"@id\":\"https:\/\/www.garciasabate.com\/muebles-buffets-como-incluirlo-en-tu-decoracion\/#primaryimage\"},\"image\":{\"@id\":\"https:\/\/www.garciasabate.com\/muebles-buffets-como-incluirlo-en-tu-decoracion\/#primaryimage\"},\"thumbnailUrl\":\"https:\/\/www.garciasabate.com\/wp-content\/uploads\/2020\/08\/decorar-muebles-buffets.png\",\"datePublished\":\"2020-08-13T11:15:38+00:00\",\"dateModified\":\"2020-08-13T11:15:38+00:00\",\"author\":{\"@id\":\"https:\/\/www.garciasabate.com\/#\/schema\/person\/ab7ed35e499acd98d64a47cc6bc963ec\"},\"description\":\"En el post de hoy, veremos los diferentes muebles buffets y algunos tips para incluirnos en la decoraci\u00f3n de nuestro hogar de forma natural y con estilo.\u00a0\",\"breadcrumb\":{\"@id\":\"https:\/\/www.garciasabate.com\/muebles-buffets-como-incluirlo-en-tu-decoracion\/#breadcrumb\"},\"inLanguage\":\"en-GB\",\"potentialAction\":[{\"@type\":\"ReadAction\",\"target\":[\"https:\/\/www.garciasabate.com\/muebles-buffets-como-incluirlo-en-tu-decoracion\/\"]}]},{\"@type\":\"ImageObject\",\"inLanguage\":\"en-GB\",\"@id\":\"https:\/\/www.garciasabate.com\/muebles-buffets-como-incluirlo-en-tu-decoracion\/#primaryimage\",\"url\":\"https:\/\/www.garciasabate.com\/wp-content\/uploads\/2020\/08\/decorar-muebles-buffets.png\",\"contentUrl\":\"https:\/\/www.garciasabate.com\/wp-content\/uploads\/2020\/08\/decorar-muebles-buffets.png\",\"width\":2526,\"height\":1430},{\"@type\":\"BreadcrumbList\",\"@id\":\"https:\/\/www.garciasabate.com\/muebles-buffets-como-incluirlo-en-tu-decoracion\/#breadcrumb\",\"itemListElement\":[{\"@type\":\"ListItem\",\"position\":1,\"name\":\"Portada\",\"item\":\"https:\/\/www.garciasabate.com\/\"},{\"@type\":\"ListItem\",\"position\":2,\"name\":\"Muebles Buffets: C\u00f3mo incluirlo en tu decoraci\u00f3n\"}]},{\"@type\":\"WebSite\",\"@id\":\"https:\/\/www.garciasabate.com\/#website\",\"url\":\"https:\/\/www.garciasabate.com\/\",\"name\":\"Garcia Sabat\u00e9\",\"description\":\"Muebles Modernos\",\"potentialAction\":[{\"@type\":\"SearchAction\",\"target\":{\"@type\":\"EntryPoint\",\"urlTemplate\":\"https:\/\/www.garciasabate.com\/?s={search_term_string}\"},\"query-input\":{\"@type\":\"PropertyValueSpecification\",\"valueRequired\":true,\"valueName\":\"search_term_string\"}}],\"inLanguage\":\"en-GB\"},{\"@type\":\"Person\",\"@id\":\"https:\/\/www.garciasabate.com\/#\/schema\/person\/ab7ed35e499acd98d64a47cc6bc963ec\",\"name\":\"Okisam\",\"image\":{\"@type\":\"ImageObject\",\"inLanguage\":\"en-GB\",\"@id\":\"https:\/\/www.garciasabate.com\/#\/schema\/person\/image\/\",\"url\":\"https:\/\/secure.gravatar.com\/avatar\/14e4ca291c3ad3ed5d90a305e404b3464e3af94d692344b481a2453b08e0c7c4?s=96&d=mm&r=g\",\"contentUrl\":\"https:\/\/secure.gravatar.com\/avatar\/14e4ca291c3ad3ed5d90a305e404b3464e3af94d692344b481a2453b08e0c7c4?s=96&d=mm&r=g\",\"caption\":\"Okisam\"},\"sameAs\":[\"https:\/\/www.garciasabate.com\"],\"url\":\"https:\/\/www.garciasabate.com\/en\/author\/okisam\/\"}]}<\/script>\n<!-- \/ Yoast SEO plugin. -->","yoast_head_json":{"title":"Muebles Buffets: C\u00f3mo incluirlo en tu decoraci\u00f3n, ideas y tipos","description":"En el post de hoy, veremos los diferentes muebles buffets y algunos tips para incluirnos en la decoraci\u00f3n de nuestro hogar de forma natural y con estilo.\u00a0","robots":{"index":"index","follow":"follow","max-snippet":"max-snippet:-1","max-image-preview":"max-image-preview:large","max-video-preview":"max-video-preview:-1"},"canonical":"https:\/\/www.garciasabate.com\/en\/muebles-buffets-como-incluirlo-en-tu-decoracion\/","og_locale":"en_GB","og_type":"article","og_title":"Muebles Buffets: C\u00f3mo incluirlo en tu decoraci\u00f3n, ideas y tipos","og_description":"En el post de hoy, veremos los diferentes muebles buffets y algunos tips para incluirnos en la decoraci\u00f3n de nuestro hogar de forma natural y con estilo.\u00a0","og_url":"https:\/\/www.garciasabate.com\/en\/muebles-buffets-como-incluirlo-en-tu-decoracion\/","og_site_name":"Garcia Sabat\u00e9","article_published_time":"2020-08-13T11:15:38+00:00","og_image":[{"width":2526,"height":1430,"url":"https:\/\/www.garciasabate.com\/wp-content\/uploads\/2020\/08\/decorar-muebles-buffets.png","type":"image\/png"}],"author":"Okisam","twitter_card":"summary_large_image","twitter_misc":{"Written by":"Okisam","Estimated reading time":"2 minutes"},"schema":{"@context":"https:\/\/schema.org","@graph":[{"@type":"WebPage","@id":"https:\/\/www.garciasabate.com\/muebles-buffets-como-incluirlo-en-tu-decoracion\/","url":"https:\/\/www.garciasabate.com\/muebles-buffets-como-incluirlo-en-tu-decoracion\/","name":"Muebles Buffets: C\u00f3mo incluirlo en tu decoraci\u00f3n, ideas y tipos","isPartOf":{"@id":"https:\/\/www.garciasabate.com\/#website"},"primaryImageOfPage":{"@id":"https:\/\/www.garciasabate.com\/muebles-buffets-como-incluirlo-en-tu-decoracion\/#primaryimage"},"image":{"@id":"https:\/\/www.garciasabate.com\/muebles-buffets-como-incluirlo-en-tu-decoracion\/#primaryimage"},"thumbnailUrl":"https:\/\/www.garciasabate.com\/wp-content\/uploads\/2020\/08\/decorar-muebles-buffets.png","datePublished":"2020-08-13T11:15:38+00:00","dateModified":"2020-08-13T11:15:38+00:00","author":{"@id":"https:\/\/www.garciasabate.com\/#\/schema\/person\/ab7ed35e499acd98d64a47cc6bc963ec"},"description":"En el post de hoy, veremos los diferentes muebles buffets y algunos tips para incluirnos en la decoraci\u00f3n de nuestro hogar de forma natural y con estilo.\u00a0","breadcrumb":{"@id":"https:\/\/www.garciasabate.com\/muebles-buffets-como-incluirlo-en-tu-decoracion\/#breadcrumb"},"inLanguage":"en-GB","potentialAction":[{"@type":"ReadAction","target":["https:\/\/www.garciasabate.com\/muebles-buffets-como-incluirlo-en-tu-decoracion\/"]}]},{"@type":"ImageObject","inLanguage":"en-GB","@id":"https:\/\/www.garciasabate.com\/muebles-buffets-como-incluirlo-en-tu-decoracion\/#primaryimage","url":"https:\/\/www.garciasabate.com\/wp-content\/uploads\/2020\/08\/decorar-muebles-buffets.png","contentUrl":"https:\/\/www.garciasabate.com\/wp-content\/uploads\/2020\/08\/decorar-muebles-buffets.png","width":2526,"height":1430},{"@type":"BreadcrumbList","@id":"https:\/\/www.garciasabate.com\/muebles-buffets-como-incluirlo-en-tu-decoracion\/#breadcrumb","itemListElement":[{"@type":"ListItem","position":1,"name":"Portada","item":"https:\/\/www.garciasabate.com\/"},{"@type":"ListItem","position":2,"name":"Muebles Buffets: C\u00f3mo incluirlo en tu decoraci\u00f3n"}]},{"@type":"WebSite","@id":"https:\/\/www.garciasabate.com\/#website","url":"https:\/\/www.garciasabate.com\/","name":"Garcia Sabat\u00e9","description":"Muebles Modernos","potentialAction":[{"@type":"SearchAction","target":{"@type":"EntryPoint","urlTemplate":"https:\/\/www.garciasabate.com\/?s={search_term_string}"},"query-input":{"@type":"PropertyValueSpecification","valueRequired":true,"valueName":"search_term_string"}}],"inLanguage":"en-GB"},{"@type":"Person","@id":"https:\/\/www.garciasabate.com\/#\/schema\/person\/ab7ed35e499acd98d64a47cc6bc963ec","name":"Okisam","image":{"@type":"ImageObject","inLanguage":"en-GB","@id":"https:\/\/www.garciasabate.com\/#\/schema\/person\/image\/","url":"https:\/\/secure.gravatar.com\/avatar\/14e4ca291c3ad3ed5d90a305e404b3464e3af94d692344b481a2453b08e0c7c4?s=96&d=mm&r=g","contentUrl":"https:\/\/secure.gravatar.com\/avatar\/14e4ca291c3ad3ed5d90a305e404b3464e3af94d692344b481a2453b08e0c7c4?s=96&d=mm&r=g","caption":"Okisam"},"sameAs":["https:\/\/www.garciasabate.com"],"url":"https:\/\/www.garciasabate.com\/en\/author\/okisam\/"}]}},"_links":{"self":[{"href":"https:\/\/www.garciasabate.com\/en\/wp-json\/wp\/v2\/posts\/7363","targetHints":{"allow":["GET"]}}],"collection":[{"href":"https:\/\/www.garciasabate.com\/en\/wp-json\/wp\/v2\/posts"}],"about":[{"href":"https:\/\/www.garciasabate.com\/en\/wp-json\/wp\/v2\/types\/post"}],"author":[{"embeddable":true,"href":"https:\/\/www.garciasabate.com\/en\/wp-json\/wp\/v2\/users\/1"}],"replies":[{"embeddable":true,"href":"https:\/\/www.garciasabate.com\/en\/wp-json\/wp\/v2\/comments?post=7363"}],"version-history":[{"count":0,"href":"https:\/\/www.garciasabate.com\/en\/wp-json\/wp\/v2\/posts\/7363\/revisions"}],"wp:featuredmedia":[{"embeddable":true,"href":"https:\/\/www.garciasabate.com\/en\/wp-json\/wp\/v2\/media\/7374"}],"wp:attachment":[{"href":"https:\/\/www.garciasabate.com\/en\/wp-json\/wp\/v2\/media?parent=7363"}],"wp:term":[{"taxonomy":"category","embeddable":true,"href":"https:\/\/www.garciasabate.com\/en\/wp-json\/wp\/v2\/categories?post=7363"},{"taxonomy":"post_tag","embeddable":true,"href":"https:\/\/www.garciasabate.com\/en\/wp-json\/wp\/v2\/tags?post=7363"}],"curies":[{"name":"wp","href":"https:\/\/api.w.org\/{rel}","templated":true}]}}