{"id":7445,"date":"2021-01-13T13:51:47","date_gmt":"2021-01-13T12:51:47","guid":{"rendered":"https:\/\/www.garciasabate.com\/?p=7445"},"modified":"2021-01-13T13:51:47","modified_gmt":"2021-01-13T12:51:47","slug":"cuales-seran-las-tendencias-de-decoracion-para-este-2021","status":"publish","type":"post","link":"https:\/\/www.garciasabate.com\/en\/cuales-seran-las-tendencias-de-decoracion-para-este-2021\/","title":{"rendered":"Cu\u00e1les ser\u00e1n las tendencias de decoraci\u00f3n para este 2021"},"content":{"rendered":"<p>Siempre es un buen momento para redecorar o cambiar por completo\u00a0la\u00a0<em>decoraci\u00f3n<\/em> de nuestro hogar, y m\u00e1s ahora con el tiempo que pasamos en casa. <span style=\"background-color: #ffffe0;\">En el art\u00edculo de hoy, hablamos de <strong>cu\u00e1les ser\u00e1n las tendencias y colores que inundar\u00e1n este a\u00f1o<\/strong>, si algo destaca es <strong>la b\u00fasqueda del bienestar en casa.\u00a0<\/strong><\/span><\/p>\n<p>\u00a1Toma nota y no te pierdas nada! ?<\/p>\n<p><!--more--><\/p>\n<h2><strong>Cu\u00e1les ser\u00e1n las tendencias de decoraci\u00f3n para este 2021<\/strong><\/h2>\n<ol>\n<li>\n<h3><strong><span style=\"color: #800000;\">Maderas claras<\/span><\/strong><\/h3>\n<\/li>\n<li>\n<h3><strong><span style=\"color: #800000;\">Colores que se quedar\u00e1n<\/span><\/strong><\/h3>\n<p><strong><em>-Descubrimos el color elegido por Pantone<\/em><\/strong><br \/>\n<strong><em>-El blanco nunca falla y combina con la madera<\/em><\/strong><br \/>\n<strong><em>-Beige\u00a0<\/em><\/strong><br \/>\n<strong><em>-El azul regresa en todas sus variantes<\/em><\/strong><br \/>\n<strong><em>-Verde pastel y verde oliva<\/em><\/strong><br \/>\n<strong><em>-Gris comod\u00edn<\/em><\/strong><\/li>\n<li>\n<h3><strong><span style=\"color: #800000;\">Minimalismo c\u00e1lido<\/span><\/strong><\/h3>\n<\/li>\n<li>\n<h3><strong><span style=\"color: #800000;\">Face line art<\/span><\/strong><\/h3>\n<\/li>\n<li>\n<h3><strong><span style=\"color: #800000;\">La oficina se incorpora al sal\u00f3n de casa<\/span><\/strong><\/h3>\n<\/li>\n<\/ol>\n<hr \/>\n<ol>\n<li><span style=\"color: #800000;\"><span style=\"background-color: #9c6565; color: #ffffff;\">Maderas claras<\/span><\/span><\/li>\n<\/ol>\n<p>\u25b7 Veremos<strong> un material tan cl\u00e1sico como la madera<\/strong> tanto en techos como paredes, esta vez en tonos claros aportando un aire entre n\u00f3rdico y escandinavo.<\/p>\n<p>\u25cc Dise\u00f1os de interiores de diferentes <strong>tipos de maderas, bamb\u00fa, y otros materiales artesanales.<\/strong><\/p>\n<p>\u25cc En Garc\u00eda Sabat\u00e9, llevamos fabricando desde hace m\u00e1s de 70 a\u00f1os, una amplia gama de muebles para el hogar,<strong> guardando especial cuidado del producto durante todas las etapas de producci\u00f3n<\/strong>, desde el dise\u00f1o hasta el producto final.<\/p>\n<p><a href=\"http:\/\/www.garciasabate.com\/en\/coleccion-ckron-muebles-de-salon-madera-natural\/mesa-comedor-estilo-nordico-coleccion-ckron\/\"><img loading=\"lazy\" decoding=\"async\" class=\"aligncenter size-full wp-image-7453\" src=\"https:\/\/www.garciasabate.com\/wp-content\/uploads\/2021\/01\/Mesa-de-comedor-estilo-nordico-1.jpg\" alt=\"\" width=\"864\" height=\"380\" \/><\/a><\/p>\n<p>&nbsp;<\/p>\n<p><a href=\"http:\/\/www.garciasabate.com\/en\/dormitorio-you-and-me\/dormitorio-youme-infinity-ym15\/\"><img loading=\"lazy\" decoding=\"async\" class=\"aligncenter size-full wp-image-7454\" src=\"https:\/\/www.garciasabate.com\/wp-content\/uploads\/2021\/01\/infinity-ym015-1.jpg\" alt=\"\" width=\"981\" height=\"521\" \/><\/a><\/p>\n<hr \/>\n<p>2. <span style=\"color: #ffffff;\"><span style=\"background-color: #9c6565;\">Colores que se quedar\u00e1n<\/span><\/span><\/p>\n<p>\u25b7 Te contamos los colores que van a llenar tu hogar de paz, calma y aumenten la sensaci\u00f3n de bienestar.<\/p>\n<p>\u25cc <strong>Descubrimos el color elegido por Pantone<\/strong><\/p>\n<p>Este a\u00f1o 2021, Pantone nos ha vuelto a sorprender con las combinaciones. Es el a\u00f1o del <strong>\u00abUltimate Gray\u00bb<\/strong> (color gris que evoca solidez) y el <strong>\u00abIlluminating\u00bb<\/strong> (amarillo bribrante), dos colores que al fusionarse dan lugar a una combinaci\u00f3n llena de alegr\u00eda, vialidad y ambici\u00f3n.<\/p>\n<div id=\"attachment_7459\" style=\"width: 471px\" class=\"wp-caption aligncenter\"><img loading=\"lazy\" decoding=\"async\" aria-describedby=\"caption-attachment-7459\" class=\"wp-image-7459\" src=\"https:\/\/www.garciasabate.com\/wp-content\/uploads\/2021\/01\/Pantone-color-of-the-year-2021-Ultimate-Gray-Illuminating-659x1024.jpg\" alt=\"\" width=\"461\" height=\"717\" \/><p id=\"caption-attachment-7459\" class=\"wp-caption-text\">Fuente: Pinterest.<\/p><\/div>\n<p>\u25cc <strong>El blanco nunca falla y combina con la madera<\/strong><\/p>\n<p>Es el color por excelencia que siempre es un acierto y sigue en la c\u00faspide de los colores top. <strong>El blanco aporta luz, amplitud y da paso a la creaci\u00f3n de nuevas combinaciones.\u00a0<\/strong><\/p>\n<div id=\"attachment_7460\" style=\"width: 456px\" class=\"wp-caption aligncenter\"><img loading=\"lazy\" decoding=\"async\" aria-describedby=\"caption-attachment-7460\" class=\"wp-image-7460\" src=\"https:\/\/www.garciasabate.com\/wp-content\/uploads\/2021\/01\/white.jpg\" alt=\"\" width=\"446\" height=\"602\" srcset=\"https:\/\/www.garciasabate.com\/wp-content\/uploads\/2021\/01\/white.jpg 603w, https:\/\/www.garciasabate.com\/wp-content\/uploads\/2021\/01\/white-150x202.jpg 150w, https:\/\/www.garciasabate.com\/wp-content\/uploads\/2021\/01\/white-593x800.jpg 593w\" sizes=\"auto, (max-width: 446px) 100vw, 446px\" \/><p id=\"caption-attachment-7460\" class=\"wp-caption-text\">Fuente: Pinterest<\/p><\/div>\n<p>\u25cc <strong>Beige\u00a0<\/strong><\/p>\n<p>Los tonos neutros nos acompa\u00f1an siempre, y es que son ideales para cualquier estancia. <strong>Aportan confort y relax.<br \/>\n<\/strong><\/p>\n<div id=\"attachment_7465\" style=\"width: 461px\" class=\"wp-caption aligncenter\"><img loading=\"lazy\" decoding=\"async\" aria-describedby=\"caption-attachment-7465\" class=\"wp-image-7465\" src=\"https:\/\/www.garciasabate.com\/wp-content\/uploads\/2021\/01\/Puffino-Mx.jpg\" alt=\"\" width=\"451\" height=\"563\" srcset=\"https:\/\/www.garciasabate.com\/wp-content\/uploads\/2021\/01\/Puffino-Mx.jpg 564w, https:\/\/www.garciasabate.com\/wp-content\/uploads\/2021\/01\/Puffino-Mx-150x187.jpg 150w\" sizes=\"auto, (max-width: 451px) 100vw, 451px\" \/><p id=\"caption-attachment-7465\" class=\"wp-caption-text\">Fuente: Pinterest<\/p><\/div>\n<p><strong>\u25cc El azul regresa en todas sus variantes<\/strong><\/p>\n<p>En este 2021 <strong>adquiere importancia todo lo que tenga que ver con la naturaleza<\/strong>. Los tonos azules se quedar\u00e1n, y nos recordar\u00e1n a los momentos cerca del mar en verano.<\/p>\n<div id=\"attachment_7463\" style=\"width: 454px\" class=\"wp-caption aligncenter\"><img loading=\"lazy\" decoding=\"async\" aria-describedby=\"caption-attachment-7463\" class=\"wp-image-7463\" src=\"https:\/\/www.garciasabate.com\/wp-content\/uploads\/2021\/01\/Make-Your-Laundry-Room-the-Chicest-Room-in-Your-House.jpg\" alt=\"\" width=\"444\" height=\"666\" srcset=\"https:\/\/www.garciasabate.com\/wp-content\/uploads\/2021\/01\/Make-Your-Laundry-Room-the-Chicest-Room-in-Your-House.jpg 480w, https:\/\/www.garciasabate.com\/wp-content\/uploads\/2021\/01\/Make-Your-Laundry-Room-the-Chicest-Room-in-Your-House-150x225.jpg 150w\" sizes=\"auto, (max-width: 444px) 100vw, 444px\" \/><p id=\"caption-attachment-7463\" class=\"wp-caption-text\">Fuente: Pinterest<\/p><\/div>\n<p><strong>\u25cc Verde pastel y verde oliva<\/strong><\/p>\n<p>Los tonos verdes son tendencia esta temporada y en el pr\u00f3ximo a\u00f1o, un verde oliva que encaja de forma sencilla tanto en habitaciones como salones y un verde pastel, que resultar\u00e1<strong> muy vers\u00e1til y acertado<\/strong>.<\/p>\n<div id=\"attachment_7462\" style=\"width: 459px\" class=\"wp-caption aligncenter\"><img loading=\"lazy\" decoding=\"async\" aria-describedby=\"caption-attachment-7462\" class=\"wp-image-7462\" src=\"https:\/\/www.garciasabate.com\/wp-content\/uploads\/2021\/01\/The-Best-Of-_-Green-Paint-Colors-\u2014-Scout-Nimble-683x1024.jpg\" alt=\"\" width=\"449\" height=\"673\" \/><p id=\"caption-attachment-7462\" class=\"wp-caption-text\">Fuente: Pinterest<\/p><\/div>\n<p><strong>\u25cc Gris comod\u00edn<\/strong><\/p>\n<p>Este color no falla, y ser\u00e1 uno de los principales y b\u00e1sicos de la temporada. <strong>Destaca por combinar con todo y aportar equilibrio<\/strong>.<\/p>\n<div id=\"attachment_7461\" style=\"width: 470px\" class=\"wp-caption aligncenter\"><img loading=\"lazy\" decoding=\"async\" aria-describedby=\"caption-attachment-7461\" class=\"wp-image-7461\" src=\"https:\/\/www.garciasabate.com\/wp-content\/uploads\/2021\/01\/Apartment-Projects-Dezign-Ark-Beta-576x1024.jpg\" alt=\"\" width=\"460\" height=\"816\" \/><p id=\"caption-attachment-7461\" class=\"wp-caption-text\">Fuente: Pinterest<\/p><\/div>\n<hr \/>\n<p>3. <span style=\"color: #ffffff;\"><span style=\"background-color: #9c6565;\">Minimalismo c\u00e1lido<\/span><\/span><\/p>\n<p>Asistimos a un nuevo minimalismo m\u00e1s c\u00e1lido y sentimental, donde las tendencias recogidas encajan a la perfecci\u00f3n. Muebles seleccionados donde priman las formas suaves, texturas potentes, artesan\u00eda y una cuidada atenci\u00f3n a los detalles.<\/p>\n<div id=\"attachment_7450\" style=\"width: 829px\" class=\"wp-caption aligncenter\"><img loading=\"lazy\" decoding=\"async\" aria-describedby=\"caption-attachment-7450\" class=\"wp-image-7450 size-large\" src=\"https:\/\/www.garciasabate.com\/wp-content\/uploads\/2021\/01\/20-trucos-para-aprovechar-el-salon-819x1024.png\" alt=\"\" width=\"819\" height=\"1024\" \/><p id=\"caption-attachment-7450\" class=\"wp-caption-text\">Fuente: Pinterest<\/p><\/div>\n<hr \/>\n<p>4. <span style=\"color: #ffffff;\"><span style=\"background-color: #9c6565;\">Face line art<\/span><\/span><\/p>\n<p>The\u00a0<strong>Face line art<\/strong>, es una tendencia que se ha visto en el \u00faltimo a\u00f1o en el \u00e1mbito del dise\u00f1o gr\u00e1fico. Poco a poco, se extendi\u00f3 en joyas, cuadros, jarrones y ahora podemos disfrutarla en el dise\u00f1o de interiores. \u00bfQu\u00e9 te parece?<\/p>\n<div id=\"attachment_7448\" style=\"width: 804px\" class=\"wp-caption aligncenter\"><img loading=\"lazy\" decoding=\"async\" aria-describedby=\"caption-attachment-7448\" class=\"wp-image-7448 size-full\" src=\"https:\/\/www.garciasabate.com\/wp-content\/uploads\/2021\/01\/Line-Art-Woman-Printable-Wall-Decor-Set-of-2-Prints-Line-Art-Face-Earth-Tones-Boho-Decor-Mid-Century-Modern-Living-Room-Wall-Art-Prints.jpg\" alt=\"\" width=\"794\" height=\"846\" srcset=\"https:\/\/www.garciasabate.com\/wp-content\/uploads\/2021\/01\/Line-Art-Woman-Printable-Wall-Decor-Set-of-2-Prints-Line-Art-Face-Earth-Tones-Boho-Decor-Mid-Century-Modern-Living-Room-Wall-Art-Prints.jpg 794w, https:\/\/www.garciasabate.com\/wp-content\/uploads\/2021\/01\/Line-Art-Woman-Printable-Wall-Decor-Set-of-2-Prints-Line-Art-Face-Earth-Tones-Boho-Decor-Mid-Century-Modern-Living-Room-Wall-Art-Prints-150x160.jpg 150w, https:\/\/www.garciasabate.com\/wp-content\/uploads\/2021\/01\/Line-Art-Woman-Printable-Wall-Decor-Set-of-2-Prints-Line-Art-Face-Earth-Tones-Boho-Decor-Mid-Century-Modern-Living-Room-Wall-Art-Prints-751x800.jpg 751w, https:\/\/www.garciasabate.com\/wp-content\/uploads\/2021\/01\/Line-Art-Woman-Printable-Wall-Decor-Set-of-2-Prints-Line-Art-Face-Earth-Tones-Boho-Decor-Mid-Century-Modern-Living-Room-Wall-Art-Prints-768x818.jpg 768w\" sizes=\"auto, (max-width: 794px) 100vw, 794px\" \/><p id=\"caption-attachment-7448\" class=\"wp-caption-text\">Fuente: etsy.com<\/p><\/div>\n<hr \/>\n<p>5. <span style=\"color: #ffffff;\"><span style=\"background-color: #9c6565;\">La oficina se incorpora al sal\u00f3n de casa<\/span><\/span><\/p>\n<p>Los ambientes polivalentes cobran cada vez m\u00e1s sentido e importancia. Veremos como <strong>la oficina encaja en casa, por ser un espacio h\u00edbrido y multifuncional.\u00a0<\/strong><a href=\"http:\/\/www.garciasabate.com\/en\/coleccion-ckron-muebles-de-salon-madera-natural\/mueble-con-estanteria-y-escritorio-color-arena-coleccion-ckron\/\"><img loading=\"lazy\" decoding=\"async\" class=\"aligncenter\" src=\"https:\/\/www.garciasabate.com\/wp-content\/uploads\/2019\/05\/Mueble-con-estanter%C3%ADa-y-escritorio-en-color-arena.jpg\" alt=\"\" width=\"864\" height=\"380\" \/><\/a><\/p>\n<hr \/>\n<p><b>Esperamos que haya sido \u00fatil este art\u00edculo, si quieres inspirarte y conocer todas las tendencias, dise\u00f1os y decoraci\u00f3n descubre ya nuestra secci\u00f3n:\u00a0<\/b><a href=\"http:\/\/www.garciasabate.com\/en\/inspiracion\/\"><b>www.garciasabate.com\/inspiracion<\/b><\/a><b>\u00a0<\/b><\/p>","protected":false},"excerpt":{"rendered":"<p>Siempre es un buen momento para redecorar o cambiar por completo\u00a0la\u00a0decoraci\u00f3n de nuestro hogar, y m\u00e1s ahora con el tiempo<\/p>","protected":false},"author":1,"featured_media":7456,"comment_status":"open","ping_status":"open","sticky":false,"template":"","format":"standard","meta":{"footnotes":""},"categories":[131],"tags":[294,295,296,194,137,297,298],"class_list":["post-7445","post","type-post","status-publish","format-standard","has-post-thumbnail","hentry","category-blog","tag-avances-decoracion","tag-decoracion-2021","tag-diseno-interiores-2021","tag-muebles-fabricacion-nacional","tag-muebles-garcia-sabate","tag-muebles-madera","tag-tendencias-y-decoracion"],"yoast_head":"<!-- This site is optimized with the Yoast SEO plugin v23.4 - https:\/\/yoast.com\/wordpress\/plugins\/seo\/ -->\n<title>Cu\u00e1les ser\u00e1n las tendencias de decoraci\u00f3n para este 2021 | Garc\u00eda Sabat\u00e9<\/title>\n<meta name=\"description\" content=\"Todo sobre las tendencias de decoraci\u00f3n y colores que llegan pisando fuerte este 2021. No te pierdas los colores, maderas y estilos que llegan con fuerza.\" \/>\n<meta name=\"robots\" content=\"index, follow, max-snippet:-1, max-image-preview:large, max-video-preview:-1\" \/>\n<link rel=\"canonical\" href=\"https:\/\/www.garciasabate.com\/en\/cuales-seran-las-tendencias-de-decoracion-para-este-2021\/\" \/>\n<meta property=\"og:locale\" content=\"en_GB\" \/>\n<meta property=\"og:type\" content=\"article\" \/>\n<meta property=\"og:title\" content=\"Cu\u00e1les ser\u00e1n las tendencias de decoraci\u00f3n para este 2021 | Garc\u00eda Sabat\u00e9\" \/>\n<meta property=\"og:description\" content=\"Todo sobre las tendencias de decoraci\u00f3n y colores que llegan pisando fuerte este 2021. No te pierdas los colores, maderas y estilos que llegan con fuerza.\" \/>\n<meta property=\"og:url\" content=\"https:\/\/www.garciasabate.com\/en\/cuales-seran-las-tendencias-de-decoracion-para-este-2021\/\" \/>\n<meta property=\"og:site_name\" content=\"Garcia Sabat\u00e9\" \/>\n<meta property=\"article:published_time\" content=\"2021-01-13T12:51:47+00:00\" \/>\n<meta property=\"og:image\" content=\"https:\/\/www.garciasabate.com\/wp-content\/uploads\/2021\/01\/portada-gs.jpg\" \/>\n\t<meta property=\"og:image:width\" content=\"1438\" \/>\n\t<meta property=\"og:image:height\" content=\"808\" \/>\n\t<meta property=\"og:image:type\" content=\"image\/jpeg\" \/>\n<meta name=\"author\" content=\"Okisam\" \/>\n<meta name=\"twitter:card\" content=\"summary_large_image\" \/>\n<meta name=\"twitter:label1\" content=\"Written by\" \/>\n\t<meta name=\"twitter:data1\" content=\"Okisam\" \/>\n\t<meta name=\"twitter:label2\" content=\"Estimated reading time\" \/>\n\t<meta name=\"twitter:data2\" content=\"3 minutes\" \/>\n<script type=\"application\/ld+json\" class=\"yoast-schema-graph\">{\"@context\":\"https:\/\/schema.org\",\"@graph\":[{\"@type\":\"WebPage\",\"@id\":\"https:\/\/www.garciasabate.com\/cuales-seran-las-tendencias-de-decoracion-para-este-2021\/\",\"url\":\"https:\/\/www.garciasabate.com\/cuales-seran-las-tendencias-de-decoracion-para-este-2021\/\",\"name\":\"Cu\u00e1les ser\u00e1n las tendencias de decoraci\u00f3n para este 2021 | Garc\u00eda Sabat\u00e9\",\"isPartOf\":{\"@id\":\"https:\/\/www.garciasabate.com\/#website\"},\"primaryImageOfPage\":{\"@id\":\"https:\/\/www.garciasabate.com\/cuales-seran-las-tendencias-de-decoracion-para-este-2021\/#primaryimage\"},\"image\":{\"@id\":\"https:\/\/www.garciasabate.com\/cuales-seran-las-tendencias-de-decoracion-para-este-2021\/#primaryimage\"},\"thumbnailUrl\":\"https:\/\/www.garciasabate.com\/wp-content\/uploads\/2021\/01\/portada-gs.jpg\",\"datePublished\":\"2021-01-13T12:51:47+00:00\",\"dateModified\":\"2021-01-13T12:51:47+00:00\",\"author\":{\"@id\":\"https:\/\/www.garciasabate.com\/#\/schema\/person\/ab7ed35e499acd98d64a47cc6bc963ec\"},\"description\":\"Todo sobre las tendencias de decoraci\u00f3n y colores que llegan pisando fuerte este 2021. No te pierdas los colores, maderas y estilos que llegan con fuerza.\",\"breadcrumb\":{\"@id\":\"https:\/\/www.garciasabate.com\/cuales-seran-las-tendencias-de-decoracion-para-este-2021\/#breadcrumb\"},\"inLanguage\":\"en-GB\",\"potentialAction\":[{\"@type\":\"ReadAction\",\"target\":[\"https:\/\/www.garciasabate.com\/cuales-seran-las-tendencias-de-decoracion-para-este-2021\/\"]}]},{\"@type\":\"ImageObject\",\"inLanguage\":\"en-GB\",\"@id\":\"https:\/\/www.garciasabate.com\/cuales-seran-las-tendencias-de-decoracion-para-este-2021\/#primaryimage\",\"url\":\"https:\/\/www.garciasabate.com\/wp-content\/uploads\/2021\/01\/portada-gs.jpg\",\"contentUrl\":\"https:\/\/www.garciasabate.com\/wp-content\/uploads\/2021\/01\/portada-gs.jpg\",\"width\":1438,\"height\":808},{\"@type\":\"BreadcrumbList\",\"@id\":\"https:\/\/www.garciasabate.com\/cuales-seran-las-tendencias-de-decoracion-para-este-2021\/#breadcrumb\",\"itemListElement\":[{\"@type\":\"ListItem\",\"position\":1,\"name\":\"Portada\",\"item\":\"https:\/\/www.garciasabate.com\/\"},{\"@type\":\"ListItem\",\"position\":2,\"name\":\"Cu\u00e1les ser\u00e1n las tendencias de decoraci\u00f3n para este 2021\"}]},{\"@type\":\"WebSite\",\"@id\":\"https:\/\/www.garciasabate.com\/#website\",\"url\":\"https:\/\/www.garciasabate.com\/\",\"name\":\"Garcia Sabat\u00e9\",\"description\":\"Muebles Modernos\",\"potentialAction\":[{\"@type\":\"SearchAction\",\"target\":{\"@type\":\"EntryPoint\",\"urlTemplate\":\"https:\/\/www.garciasabate.com\/?s={search_term_string}\"},\"query-input\":{\"@type\":\"PropertyValueSpecification\",\"valueRequired\":true,\"valueName\":\"search_term_string\"}}],\"inLanguage\":\"en-GB\"},{\"@type\":\"Person\",\"@id\":\"https:\/\/www.garciasabate.com\/#\/schema\/person\/ab7ed35e499acd98d64a47cc6bc963ec\",\"name\":\"Okisam\",\"image\":{\"@type\":\"ImageObject\",\"inLanguage\":\"en-GB\",\"@id\":\"https:\/\/www.garciasabate.com\/#\/schema\/person\/image\/\",\"url\":\"https:\/\/secure.gravatar.com\/avatar\/14e4ca291c3ad3ed5d90a305e404b3464e3af94d692344b481a2453b08e0c7c4?s=96&d=mm&r=g\",\"contentUrl\":\"https:\/\/secure.gravatar.com\/avatar\/14e4ca291c3ad3ed5d90a305e404b3464e3af94d692344b481a2453b08e0c7c4?s=96&d=mm&r=g\",\"caption\":\"Okisam\"},\"sameAs\":[\"https:\/\/www.garciasabate.com\"],\"url\":\"https:\/\/www.garciasabate.com\/en\/author\/okisam\/\"}]}<\/script>\n<!-- \/ Yoast SEO plugin. -->","yoast_head_json":{"title":"Cu\u00e1les ser\u00e1n las tendencias de decoraci\u00f3n para este 2021 | Garc\u00eda Sabat\u00e9","description":"Todo sobre las tendencias de decoraci\u00f3n y colores que llegan pisando fuerte este 2021. No te pierdas los colores, maderas y estilos que llegan con fuerza.","robots":{"index":"index","follow":"follow","max-snippet":"max-snippet:-1","max-image-preview":"max-image-preview:large","max-video-preview":"max-video-preview:-1"},"canonical":"https:\/\/www.garciasabate.com\/en\/cuales-seran-las-tendencias-de-decoracion-para-este-2021\/","og_locale":"en_GB","og_type":"article","og_title":"Cu\u00e1les ser\u00e1n las tendencias de decoraci\u00f3n para este 2021 | Garc\u00eda Sabat\u00e9","og_description":"Todo sobre las tendencias de decoraci\u00f3n y colores que llegan pisando fuerte este 2021. No te pierdas los colores, maderas y estilos que llegan con fuerza.","og_url":"https:\/\/www.garciasabate.com\/en\/cuales-seran-las-tendencias-de-decoracion-para-este-2021\/","og_site_name":"Garcia Sabat\u00e9","article_published_time":"2021-01-13T12:51:47+00:00","og_image":[{"width":1438,"height":808,"url":"https:\/\/www.garciasabate.com\/wp-content\/uploads\/2021\/01\/portada-gs.jpg","type":"image\/jpeg"}],"author":"Okisam","twitter_card":"summary_large_image","twitter_misc":{"Written by":"Okisam","Estimated reading time":"3 minutes"},"schema":{"@context":"https:\/\/schema.org","@graph":[{"@type":"WebPage","@id":"https:\/\/www.garciasabate.com\/cuales-seran-las-tendencias-de-decoracion-para-este-2021\/","url":"https:\/\/www.garciasabate.com\/cuales-seran-las-tendencias-de-decoracion-para-este-2021\/","name":"Cu\u00e1les ser\u00e1n las tendencias de decoraci\u00f3n para este 2021 | Garc\u00eda Sabat\u00e9","isPartOf":{"@id":"https:\/\/www.garciasabate.com\/#website"},"primaryImageOfPage":{"@id":"https:\/\/www.garciasabate.com\/cuales-seran-las-tendencias-de-decoracion-para-este-2021\/#primaryimage"},"image":{"@id":"https:\/\/www.garciasabate.com\/cuales-seran-las-tendencias-de-decoracion-para-este-2021\/#primaryimage"},"thumbnailUrl":"https:\/\/www.garciasabate.com\/wp-content\/uploads\/2021\/01\/portada-gs.jpg","datePublished":"2021-01-13T12:51:47+00:00","dateModified":"2021-01-13T12:51:47+00:00","author":{"@id":"https:\/\/www.garciasabate.com\/#\/schema\/person\/ab7ed35e499acd98d64a47cc6bc963ec"},"description":"Todo sobre las tendencias de decoraci\u00f3n y colores que llegan pisando fuerte este 2021. No te pierdas los colores, maderas y estilos que llegan con fuerza.","breadcrumb":{"@id":"https:\/\/www.garciasabate.com\/cuales-seran-las-tendencias-de-decoracion-para-este-2021\/#breadcrumb"},"inLanguage":"en-GB","potentialAction":[{"@type":"ReadAction","target":["https:\/\/www.garciasabate.com\/cuales-seran-las-tendencias-de-decoracion-para-este-2021\/"]}]},{"@type":"ImageObject","inLanguage":"en-GB","@id":"https:\/\/www.garciasabate.com\/cuales-seran-las-tendencias-de-decoracion-para-este-2021\/#primaryimage","url":"https:\/\/www.garciasabate.com\/wp-content\/uploads\/2021\/01\/portada-gs.jpg","contentUrl":"https:\/\/www.garciasabate.com\/wp-content\/uploads\/2021\/01\/portada-gs.jpg","width":1438,"height":808},{"@type":"BreadcrumbList","@id":"https:\/\/www.garciasabate.com\/cuales-seran-las-tendencias-de-decoracion-para-este-2021\/#breadcrumb","itemListElement":[{"@type":"ListItem","position":1,"name":"Portada","item":"https:\/\/www.garciasabate.com\/"},{"@type":"ListItem","position":2,"name":"Cu\u00e1les ser\u00e1n las tendencias de decoraci\u00f3n para este 2021"}]},{"@type":"WebSite","@id":"https:\/\/www.garciasabate.com\/#website","url":"https:\/\/www.garciasabate.com\/","name":"Garcia Sabat\u00e9","description":"Muebles Modernos","potentialAction":[{"@type":"SearchAction","target":{"@type":"EntryPoint","urlTemplate":"https:\/\/www.garciasabate.com\/?s={search_term_string}"},"query-input":{"@type":"PropertyValueSpecification","valueRequired":true,"valueName":"search_term_string"}}],"inLanguage":"en-GB"},{"@type":"Person","@id":"https:\/\/www.garciasabate.com\/#\/schema\/person\/ab7ed35e499acd98d64a47cc6bc963ec","name":"Okisam","image":{"@type":"ImageObject","inLanguage":"en-GB","@id":"https:\/\/www.garciasabate.com\/#\/schema\/person\/image\/","url":"https:\/\/secure.gravatar.com\/avatar\/14e4ca291c3ad3ed5d90a305e404b3464e3af94d692344b481a2453b08e0c7c4?s=96&d=mm&r=g","contentUrl":"https:\/\/secure.gravatar.com\/avatar\/14e4ca291c3ad3ed5d90a305e404b3464e3af94d692344b481a2453b08e0c7c4?s=96&d=mm&r=g","caption":"Okisam"},"sameAs":["https:\/\/www.garciasabate.com"],"url":"https:\/\/www.garciasabate.com\/en\/author\/okisam\/"}]}},"_links":{"self":[{"href":"https:\/\/www.garciasabate.com\/en\/wp-json\/wp\/v2\/posts\/7445","targetHints":{"allow":["GET"]}}],"collection":[{"href":"https:\/\/www.garciasabate.com\/en\/wp-json\/wp\/v2\/posts"}],"about":[{"href":"https:\/\/www.garciasabate.com\/en\/wp-json\/wp\/v2\/types\/post"}],"author":[{"embeddable":true,"href":"https:\/\/www.garciasabate.com\/en\/wp-json\/wp\/v2\/users\/1"}],"replies":[{"embeddable":true,"href":"https:\/\/www.garciasabate.com\/en\/wp-json\/wp\/v2\/comments?post=7445"}],"version-history":[{"count":0,"href":"https:\/\/www.garciasabate.com\/en\/wp-json\/wp\/v2\/posts\/7445\/revisions"}],"wp:featuredmedia":[{"embeddable":true,"href":"https:\/\/www.garciasabate.com\/en\/wp-json\/wp\/v2\/media\/7456"}],"wp:attachment":[{"href":"https:\/\/www.garciasabate.com\/en\/wp-json\/wp\/v2\/media?parent=7445"}],"wp:term":[{"taxonomy":"category","embeddable":true,"href":"https:\/\/www.garciasabate.com\/en\/wp-json\/wp\/v2\/categories?post=7445"},{"taxonomy":"post_tag","embeddable":true,"href":"https:\/\/www.garciasabate.com\/en\/wp-json\/wp\/v2\/tags?post=7445"}],"curies":[{"name":"wp","href":"https:\/\/api.w.org\/{rel}","templated":true}]}}